{"id":23910,"date":"2021-06-19T13:40:13","date_gmt":"2021-06-19T16:40:13","guid":{"rendered":"http:\/\/duraznohoy.com\/?p=23910"},"modified":"2021-06-19T13:40:13","modified_gmt":"2021-06-19T16:40:13","slug":"imaginando-al-hijo","status":"publish","type":"post","link":"https:\/\/duraznohoy.com\/?p=23910","title":{"rendered":"Imaginando al hijo."},"content":{"rendered":"<p><strong>Una mujer miraba una vidriera.<br \/>\nYo me detuve, cuando vi su cara.<br \/>\nNo, no s\u00e9 qui\u00e9n era, no, no la conoc\u00eda,<br \/>\npero la supe s\u00f3lo con mirarla.<\/p>\n<p>Era vidriera de jugueter\u00eda<br \/>\ny ella volvi\u00f3 de pronto hacia la infancia<br \/>\nmientras su mano en un gestito fr\u00e1gil<br \/>\nle acarici\u00f3 la curva de la panza.<\/p>\n<p>Adivin\u00e9 muy bien su pensamiento<br \/>\ncada juguete le contaba un ni\u00f1o,<br \/>\ncada mu\u00f1eca le pintaba un rostro<br \/>\ny en cada uno imaginaba al hijo.<\/p>\n<p>Y as\u00ed se estuvo largo, largo rato,<br \/>\ncruzando el tiempo, yendo hacia el futuro<br \/>\nmezclando el tiempo, yendo hacia la infancia<br \/>\nvenciendo el tiempo, a la raz\u00f3n y al mundo.<\/p>\n<p>Ella sigui\u00f3 despu\u00e9s por su camino<br \/>\ny yo, y yo logr\u00e9 hacer las paces con la vida,<br \/>\nporque lo vi \u00bfsab\u00e9s? y no es un cuento,<br \/>\nsuceden esas cosas todav\u00eda.<\/strong> <\/p>\n","protected":false},"excerpt":{"rendered":"<p>Una mujer miraba una vidriera. Yo me detuve, cuando vi su cara. No, no s\u00e9&#8230;<\/p>\n","protected":false},"author":2,"featured_media":23911,"comment_status":"closed","ping_status":"closed","sticky":false,"template":"","format":"standard","meta":{"footnotes":"","jetpack_publicize_message":"{title}\n\n{excerpt}\n\n{url}","jetpack_publicize_feature_enabled":true,"jetpack_social_post_already_shared":true,"jetpack_social_options":{"image_generator_settings":{"template":"fullscreen","default_image_id":0,"font":"","enabled":false},"version":2},"_wpas_customize_per_network":false},"categories":[117],"tags":[],"class_list":["post-23910","post","type-post","status-publish","format-standard","has-post-thumbnail","hentry","category-la-poesia"],"jetpack_publicize_connections":[],"_links":{"self":[{"href":"https:\/\/duraznohoy.com\/index.php?rest_route=\/wp\/v2\/posts\/23910","targetHints":{"allow":["GET"]}}],"collection":[{"href":"https:\/\/duraznohoy.com\/index.php?rest_route=\/wp\/v2\/posts"}],"about":[{"href":"https:\/\/duraznohoy.com\/index.php?rest_route=\/wp\/v2\/types\/post"}],"author":[{"embeddable":true,"href":"https:\/\/duraznohoy.com\/index.php?rest_route=\/wp\/v2\/users\/2"}],"replies":[{"embeddable":true,"href":"https:\/\/duraznohoy.com\/index.php?rest_route=%2Fwp%2Fv2%2Fcomments&post=23910"}],"version-history":[{"count":0,"href":"https:\/\/duraznohoy.com\/index.php?rest_route=\/wp\/v2\/posts\/23910\/revisions"}],"wp:featuredmedia":[{"embeddable":true,"href":"https:\/\/duraznohoy.com\/index.php?rest_route=\/wp\/v2\/media\/23911"}],"wp:attachment":[{"href":"https:\/\/duraznohoy.com\/index.php?rest_route=%2Fwp%2Fv2%2Fmedia&parent=23910"}],"wp:term":[{"taxonomy":"category","embeddable":true,"href":"https:\/\/duraznohoy.com\/index.php?rest_route=%2Fwp%2Fv2%2Fcategories&post=23910"},{"taxonomy":"post_tag","embeddable":true,"href":"https:\/\/duraznohoy.com\/index.php?rest_route=%2Fwp%2Fv2%2Ftags&post=23910"}],"curies":[{"name":"wp","href":"https:\/\/api.w.org\/{rel}","templated":true}]}}