{"id":23922,"date":"2021-06-20T12:06:03","date_gmt":"2021-06-20T15:06:03","guid":{"rendered":"http:\/\/duraznohoy.com\/?p=23922"},"modified":"2021-06-20T12:06:03","modified_gmt":"2021-06-20T15:06:03","slug":"hace-frio-pero-el-invierno-empieza-manana","status":"publish","type":"post","link":"https:\/\/duraznohoy.com\/?p=23922","title":{"rendered":"Hace fr\u00edo pero el invierno empieza ma\u00f1ana."},"content":{"rendered":"<p style=\"text-align: left;\"><strong>A las 00:31 del este lunes 21 tendr\u00e1 lugar el comienzo del invierno en el Hemisferio Sur, coincide con la ocurrencia del Solsticio de C\u00e1ncer.<\/strong><br \/>\nEl d\u00eda ser\u00e1 en duraci\u00f3n el de menor duraci\u00f3n en el a\u00f1o y as\u00ed lo percibiremos desde nuestra ubicaci\u00f3n.<br \/>\nEl d\u00eda durar\u00e1 unas 9 horas y 50 minutos y la noche ser\u00e1 la m\u00e1s larga.<br \/>\nEn los d\u00edas cercanos al 21\/06 el Sol alcanzar\u00e1 las alturas menores en el a\u00f1o respecto al horizonte.<br \/>\nEl invierno sede extender\u00e1 hasta el 22 de setiembre.<\/p>\n<p>Los modelos clim\u00e1ticos, en general, est\u00e1n indicando un trimestre de junio a agosto con promedios de temperatura cercanos a lo normal.<\/p>\n<p>Siempre es importante aclarar que los promedios trimestrales pueden ser demasiado enga\u00f1osos. Un promedio es la suma de los extremos, por lo que enmascara los eventos de fr\u00edo m\u00e1s extremos y calor fuera de temporada.<\/p>\n<p>Por lo tanto, cuando un mapa muestra una temperatura cercana al promedio durante un per\u00edodo largo, como tres meses, no significa que la temperatura estar\u00e1 cerca del promedio normal durante todo el per\u00edodo trimestral.<\/p>\n<p>Los modelos calculan la anomal\u00eda a partir de las oscilaciones por encima y por debajo de la media cada d\u00eda. Por tanto, en este trimestre habr\u00e1 d\u00edas y periodos mucho m\u00e1s fr\u00edos de lo normal y d\u00edas y periodos mucho m\u00e1s calurosos de lo que se suele registrar, como ocurre, de hecho, todos los a\u00f1os, advierte MetSul.<\/p>\n<p><em><strong>Aporte del Prof. Carlos Fariello.<\/strong><\/em> <\/p>\n","protected":false},"excerpt":{"rendered":"<p>A las 00:31 del este lunes 21 tendr\u00e1 lugar el comienzo del invierno en el&#8230;<\/p>\n","protected":false},"author":2,"featured_media":23923,"comment_status":"closed","ping_status":"closed","sticky":false,"template":"","format":"standard","meta":{"footnotes":"","jetpack_publicize_message":"{title}\n\n{excerpt}\n\n{url}","jetpack_publicize_feature_enabled":true,"jetpack_social_post_already_shared":true,"jetpack_social_options":{"image_generator_settings":{"template":"fullscreen","default_image_id":0,"font":"","enabled":false},"version":2},"_wpas_customize_per_network":false},"categories":[33],"tags":[],"class_list":["post-23922","post","type-post","status-publish","format-standard","has-post-thumbnail","hentry","category-actualidad"],"jetpack_publicize_connections":[],"_links":{"self":[{"href":"https:\/\/duraznohoy.com\/index.php?rest_route=\/wp\/v2\/posts\/23922","targetHints":{"allow":["GET"]}}],"collection":[{"href":"https:\/\/duraznohoy.com\/index.php?rest_route=\/wp\/v2\/posts"}],"about":[{"href":"https:\/\/duraznohoy.com\/index.php?rest_route=\/wp\/v2\/types\/post"}],"author":[{"embeddable":true,"href":"https:\/\/duraznohoy.com\/index.php?rest_route=\/wp\/v2\/users\/2"}],"replies":[{"embeddable":true,"href":"https:\/\/duraznohoy.com\/index.php?rest_route=%2Fwp%2Fv2%2Fcomments&post=23922"}],"version-history":[{"count":0,"href":"https:\/\/duraznohoy.com\/index.php?rest_route=\/wp\/v2\/posts\/23922\/revisions"}],"wp:featuredmedia":[{"embeddable":true,"href":"https:\/\/duraznohoy.com\/index.php?rest_route=\/wp\/v2\/media\/23923"}],"wp:attachment":[{"href":"https:\/\/duraznohoy.com\/index.php?rest_route=%2Fwp%2Fv2%2Fmedia&parent=23922"}],"wp:term":[{"taxonomy":"category","embeddable":true,"href":"https:\/\/duraznohoy.com\/index.php?rest_route=%2Fwp%2Fv2%2Fcategories&post=23922"},{"taxonomy":"post_tag","embeddable":true,"href":"https:\/\/duraznohoy.com\/index.php?rest_route=%2Fwp%2Fv2%2Ftags&post=23922"}],"curies":[{"name":"wp","href":"https:\/\/api.w.org\/{rel}","templated":true}]}}