{"id":23929,"date":"2021-06-21T13:22:34","date_gmt":"2021-06-21T16:22:34","guid":{"rendered":"http:\/\/duraznohoy.com\/?p=23929"},"modified":"2021-06-21T13:22:34","modified_gmt":"2021-06-21T16:22:34","slug":"recambio-de-arbustos","status":"publish","type":"post","link":"https:\/\/duraznohoy.com\/?p=23929","title":{"rendered":"Recambio de arbustos"},"content":{"rendered":"<p><img loading=\"lazy\" decoding=\"async\" src=\"https:\/\/duraznohoy.com\/wp-content\/uploads\/2021\/06\/IMG-20210621-WA0014-300x225.jpg\" alt=\"\" width=\"300\" height=\"225\" class=\"alignnone size-medium wp-image-23930\" srcset=\"https:\/\/duraznohoy.com\/wp-content\/uploads\/2021\/06\/IMG-20210621-WA0014-300x225.jpg 300w, https:\/\/duraznohoy.com\/wp-content\/uploads\/2021\/06\/IMG-20210621-WA0014-1024x768.jpg 1024w, https:\/\/duraznohoy.com\/wp-content\/uploads\/2021\/06\/IMG-20210621-WA0014-768x576.jpg 768w, https:\/\/duraznohoy.com\/wp-content\/uploads\/2021\/06\/IMG-20210621-WA0014-1536x1152.jpg 1536w, https:\/\/duraznohoy.com\/wp-content\/uploads\/2021\/06\/IMG-20210621-WA0014.jpg 1600w\" sizes=\"auto, (max-width: 300px) 100vw, 300px\" \/><\/p>\n<p>Funcionarios pertenecientes a Paseos P\u00fablicos dependiente del Departamento de Servicios de la Intendencia de Durazno, conjuntamente con personas que resultaron favorecidas en el sorteo del Programa Oportunidad Laboral, se encuentran abocados a la tarea del recambio de plantas y \u00e1rboles ubicados en el Microcentro de la ciudad de Durazno.<br \/>\nEn tal sentido, Mauricio Hern\u00e1ndez, director del Departamento de Servicios explic\u00f3 que esta acci\u00f3n se enmarca en la idea de embellecer la ciudad teniendo en cuenta que en el presente a\u00f1o se celebra el bicentenario fundacional de nuestra ciudad \u201ccon autorizaci\u00f3n del Intendente decidimos reponer algunos de los arbustos que est\u00e1n plantados en el Microcentro y la reposici\u00f3n de los \u00e1rboles era necesario por el tama\u00f1o por lo que los mismos ser\u00e1n reutilizados en el Parque de La Hispanidad\u201d indic\u00f3 el jerarca. <\/p>\n","protected":false},"excerpt":{"rendered":"<p>Funcionarios pertenecientes a Paseos P\u00fablicos dependiente del Departamento de Servicios de la Intendencia de Durazno,&#8230;<\/p>\n","protected":false},"author":26,"featured_media":23930,"comment_status":"closed","ping_status":"closed","sticky":false,"template":"","format":"standard","meta":{"footnotes":"","jetpack_publicize_message":"{title}\n\n{excerpt}\n\n{url}","jetpack_publicize_feature_enabled":true,"jetpack_social_post_already_shared":true,"jetpack_social_options":{"image_generator_settings":{"template":"fullscreen","default_image_id":0,"font":"","enabled":false},"version":2},"_wpas_customize_per_network":false},"categories":[33],"tags":[],"class_list":["post-23929","post","type-post","status-publish","format-standard","has-post-thumbnail","hentry","category-actualidad"],"jetpack_publicize_connections":[],"_links":{"self":[{"href":"https:\/\/duraznohoy.com\/index.php?rest_route=\/wp\/v2\/posts\/23929","targetHints":{"allow":["GET"]}}],"collection":[{"href":"https:\/\/duraznohoy.com\/index.php?rest_route=\/wp\/v2\/posts"}],"about":[{"href":"https:\/\/duraznohoy.com\/index.php?rest_route=\/wp\/v2\/types\/post"}],"author":[{"embeddable":true,"href":"https:\/\/duraznohoy.com\/index.php?rest_route=\/wp\/v2\/users\/26"}],"replies":[{"embeddable":true,"href":"https:\/\/duraznohoy.com\/index.php?rest_route=%2Fwp%2Fv2%2Fcomments&post=23929"}],"version-history":[{"count":0,"href":"https:\/\/duraznohoy.com\/index.php?rest_route=\/wp\/v2\/posts\/23929\/revisions"}],"wp:featuredmedia":[{"embeddable":true,"href":"https:\/\/duraznohoy.com\/index.php?rest_route=\/wp\/v2\/media\/23930"}],"wp:attachment":[{"href":"https:\/\/duraznohoy.com\/index.php?rest_route=%2Fwp%2Fv2%2Fmedia&parent=23929"}],"wp:term":[{"taxonomy":"category","embeddable":true,"href":"https:\/\/duraznohoy.com\/index.php?rest_route=%2Fwp%2Fv2%2Fcategories&post=23929"},{"taxonomy":"post_tag","embeddable":true,"href":"https:\/\/duraznohoy.com\/index.php?rest_route=%2Fwp%2Fv2%2Ftags&post=23929"}],"curies":[{"name":"wp","href":"https:\/\/api.w.org\/{rel}","templated":true}]}}