{"id":23981,"date":"2021-06-24T11:52:07","date_gmt":"2021-06-24T14:52:07","guid":{"rendered":"http:\/\/duraznohoy.com\/?p=23981"},"modified":"2021-06-24T11:52:07","modified_gmt":"2021-06-24T14:52:07","slug":"monumento-a-gardel","status":"publish","type":"post","link":"https:\/\/duraznohoy.com\/?p=23981","title":{"rendered":"Monumento a Gardel."},"content":{"rendered":"<p style=\"text-align: right;\"><strong><img loading=\"lazy\" decoding=\"async\" class=\"size-medium wp-image-23984 alignright\" src=\"https:\/\/duraznohoy.com\/wp-content\/uploads\/2021\/06\/GARDEL-PLAZOLETA-300x173.jpg\" alt=\"\" width=\"300\" height=\"173\" srcset=\"https:\/\/duraznohoy.com\/wp-content\/uploads\/2021\/06\/GARDEL-PLAZOLETA-300x173.jpg 300w, https:\/\/duraznohoy.com\/wp-content\/uploads\/2021\/06\/GARDEL-PLAZOLETA.jpg 610w\" sizes=\"auto, (max-width: 300px) 100vw, 300px\" \/>Hoy 24 de junio es es el d\u00eda del cantor nacional, en homenaje a Carlos Gardel.<\/strong><\/p>\n<p>Habr\u00e1n pasado 86 a\u00f1os de la tr\u00e1gica muerte de\u00a0<strong>Carlos Gardel<\/strong>, pero el inter\u00e9s en torno al cantor del R\u00edo de la Plata se mantiene tan vigente como en su \u00e9poca de oro. Justo hoy se conmemora un nuevo aniversario del accidente a\u00e9reo que le quit\u00f3 la vida en\u00a0<strong>Medell\u00edn<\/strong>.<\/p>\n<p>Mientras radios y diarios como sucede cada a\u00f1o se refieren a la fecha, nosotros recordamos que en Durazno hay un espacio, la Plazoleta Carlos Gardel, en la zona de COVINUVI.<\/p>\n<p>All\u00ed \u201cEl Tano\u201d P\u00e9rez hizo un magn\u00edfico trabajo que luce en una estela, lugar de encuentro de los gardelianos en las fechas alusivas al \u201cZorzal criollo\u201d.<\/p>\n<p><strong><img loading=\"lazy\" decoding=\"async\" class=\" wp-image-23982 alignleft\" src=\"https:\/\/duraznohoy.com\/wp-content\/uploads\/2021\/06\/GARDEL-ESTATUA-300x498.jpg\" alt=\"\" width=\"190\" height=\"315\" srcset=\"https:\/\/duraznohoy.com\/wp-content\/uploads\/2021\/06\/GARDEL-ESTATUA-300x498.jpg 300w, https:\/\/duraznohoy.com\/wp-content\/uploads\/2021\/06\/GARDEL-ESTATUA.jpg 449w\" sizes=\"auto, (max-width: 190px) 100vw, 190px\" \/>Un monumento.<\/strong><\/p>\n<p>En oportunidad de entregar el escultor Juan Morra, el busto a Osiris -\u00faltimo de sus trabajos para el Parque de la Hispanidad \u2013 mostr\u00f3 a integrantes de la Organizaci\u00f3n del Festival de Durazno, una estatua casi terminada de Carlos Gardel.<\/p>\n<p>Morra muere d\u00edas despu\u00e9s en pleno Festival n\u00famero 30 y su obra gardeliana qued\u00f3 en su taller, al fondo de su casa en la ciudad de Canelones.<\/p>\n<p>La familia intent\u00f3 darle un destino a la misma y se hicieron gestiones ante autoridades de la Intendencia de Tacuaremb\u00f3, que no tuvieron buenos resultados porque esta ya hab\u00eda encargado algo similar a otro artista.<\/p>\n<p>Han pasado casi 20 a\u00f1os y la estatua permanece en el mismo lugar, en una casa vac\u00eda ya que la viuda de Morra, tras la muerte repentina de una de sus hijas, vive con la otra hija en una ciudad del este uruguayo.<\/p>\n<p>El Intendente Vidal\u00edn ha tenido contacto con el tema y ha mostrado inter\u00e9s en traer para Durazno al Gardel abandonado, que necesitar\u00eda unos retoques, pero que perfectamente podr\u00eda sumarse al lugar espec\u00edfico de la Plazoleta, en el marco de los 200 a\u00f1os de nuestra Ciudad.<\/p>\n<p>&nbsp;<\/p>\n<p>&nbsp;<\/p>\n<p>&nbsp; <\/p>\n","protected":false},"excerpt":{"rendered":"<p>Hoy 24 de junio es es el d\u00eda del cantor nacional, en homenaje a Carlos&#8230;<\/p>\n","protected":false},"author":2,"featured_media":23983,"comment_status":"closed","ping_status":"closed","sticky":false,"template":"","format":"standard","meta":{"footnotes":"","jetpack_publicize_message":"{title}\n\n{excerpt}\n\n{url}","jetpack_publicize_feature_enabled":true,"jetpack_social_post_already_shared":true,"jetpack_social_options":{"image_generator_settings":{"template":"fullscreen","default_image_id":0,"font":"","enabled":false},"version":2},"_wpas_customize_per_network":false},"categories":[33],"tags":[],"class_list":["post-23981","post","type-post","status-publish","format-standard","has-post-thumbnail","hentry","category-actualidad"],"jetpack_publicize_connections":[],"_links":{"self":[{"href":"https:\/\/duraznohoy.com\/index.php?rest_route=\/wp\/v2\/posts\/23981","targetHints":{"allow":["GET"]}}],"collection":[{"href":"https:\/\/duraznohoy.com\/index.php?rest_route=\/wp\/v2\/posts"}],"about":[{"href":"https:\/\/duraznohoy.com\/index.php?rest_route=\/wp\/v2\/types\/post"}],"author":[{"embeddable":true,"href":"https:\/\/duraznohoy.com\/index.php?rest_route=\/wp\/v2\/users\/2"}],"replies":[{"embeddable":true,"href":"https:\/\/duraznohoy.com\/index.php?rest_route=%2Fwp%2Fv2%2Fcomments&post=23981"}],"version-history":[{"count":0,"href":"https:\/\/duraznohoy.com\/index.php?rest_route=\/wp\/v2\/posts\/23981\/revisions"}],"wp:featuredmedia":[{"embeddable":true,"href":"https:\/\/duraznohoy.com\/index.php?rest_route=\/wp\/v2\/media\/23983"}],"wp:attachment":[{"href":"https:\/\/duraznohoy.com\/index.php?rest_route=%2Fwp%2Fv2%2Fmedia&parent=23981"}],"wp:term":[{"taxonomy":"category","embeddable":true,"href":"https:\/\/duraznohoy.com\/index.php?rest_route=%2Fwp%2Fv2%2Fcategories&post=23981"},{"taxonomy":"post_tag","embeddable":true,"href":"https:\/\/duraznohoy.com\/index.php?rest_route=%2Fwp%2Fv2%2Ftags&post=23981"}],"curies":[{"name":"wp","href":"https:\/\/api.w.org\/{rel}","templated":true}]}}