{"id":23986,"date":"2021-06-24T13:42:32","date_gmt":"2021-06-24T16:42:32","guid":{"rendered":"http:\/\/duraznohoy.com\/?p=23986"},"modified":"2021-06-24T13:42:32","modified_gmt":"2021-06-24T16:42:32","slug":"solucionando-senal-de-cable","status":"publish","type":"post","link":"https:\/\/duraznohoy.com\/?p=23986","title":{"rendered":"Solucionando se\u00f1al de cable."},"content":{"rendered":"<p><strong>Tras casi 19 horas sin se\u00f1al, el trabajo intenso de los t\u00e9cnicos de Yi Visi\u00f3n TV Cable permiti\u00f3 que sus abonados volvieran a disponer de ella en las primeras horas de esta tarde.<\/strong><\/p>\n<p>Recordemos que, en la tardecita de este mi\u00e9rcoles, un cami\u00f3n de 6 metros 70 de altura con material para la Planta 2 de UPM, cort\u00f3 los cables de las dos empresas que funcionan en el rubro, dejando sin im\u00e1genes a cientos de hogares en los barrios ubicados al Este de la Ciudad.<\/p>\n<p>En mensajes en las redes sociales, se not\u00f3 la preocupaci\u00f3n de las clientes perjudicadas, acentuado el nerviosismo porque hoy es tarde del partido por la Sudamericana entre Uruguay y Bolivia.<\/p>\n<p>Felizmente seg\u00fan el comunicado que nos envi\u00f3 Yi Visi\u00f3n, por lo menos esta empresa pudo solucionar el inconveniente. <\/p>\n","protected":false},"excerpt":{"rendered":"<p>Tras casi 19 horas sin se\u00f1al, el trabajo intenso de los t\u00e9cnicos de Yi Visi\u00f3n&#8230;<\/p>\n","protected":false},"author":2,"featured_media":23987,"comment_status":"closed","ping_status":"closed","sticky":false,"template":"","format":"standard","meta":{"footnotes":"","jetpack_publicize_message":"{title}\n\n{excerpt}\n\n{url}","jetpack_publicize_feature_enabled":true,"jetpack_social_post_already_shared":true,"jetpack_social_options":{"image_generator_settings":{"template":"fullscreen","default_image_id":0,"font":"","enabled":false},"version":2},"_wpas_customize_per_network":false},"categories":[33],"tags":[],"class_list":["post-23986","post","type-post","status-publish","format-standard","has-post-thumbnail","hentry","category-actualidad"],"jetpack_publicize_connections":[],"_links":{"self":[{"href":"https:\/\/duraznohoy.com\/index.php?rest_route=\/wp\/v2\/posts\/23986","targetHints":{"allow":["GET"]}}],"collection":[{"href":"https:\/\/duraznohoy.com\/index.php?rest_route=\/wp\/v2\/posts"}],"about":[{"href":"https:\/\/duraznohoy.com\/index.php?rest_route=\/wp\/v2\/types\/post"}],"author":[{"embeddable":true,"href":"https:\/\/duraznohoy.com\/index.php?rest_route=\/wp\/v2\/users\/2"}],"replies":[{"embeddable":true,"href":"https:\/\/duraznohoy.com\/index.php?rest_route=%2Fwp%2Fv2%2Fcomments&post=23986"}],"version-history":[{"count":0,"href":"https:\/\/duraznohoy.com\/index.php?rest_route=\/wp\/v2\/posts\/23986\/revisions"}],"wp:featuredmedia":[{"embeddable":true,"href":"https:\/\/duraznohoy.com\/index.php?rest_route=\/wp\/v2\/media\/23987"}],"wp:attachment":[{"href":"https:\/\/duraznohoy.com\/index.php?rest_route=%2Fwp%2Fv2%2Fmedia&parent=23986"}],"wp:term":[{"taxonomy":"category","embeddable":true,"href":"https:\/\/duraznohoy.com\/index.php?rest_route=%2Fwp%2Fv2%2Fcategories&post=23986"},{"taxonomy":"post_tag","embeddable":true,"href":"https:\/\/duraznohoy.com\/index.php?rest_route=%2Fwp%2Fv2%2Ftags&post=23986"}],"curies":[{"name":"wp","href":"https:\/\/api.w.org\/{rel}","templated":true}]}}