{"id":23989,"date":"2021-06-24T14:09:21","date_gmt":"2021-06-24T17:09:21","guid":{"rendered":"http:\/\/duraznohoy.com\/?p=23989"},"modified":"2021-06-24T14:09:21","modified_gmt":"2021-06-24T17:09:21","slug":"montana-de-motos-destruidas","status":"publish","type":"post","link":"https:\/\/duraznohoy.com\/?p=23989","title":{"rendered":"Monta\u00f1a de motos destruidas."},"content":{"rendered":"<p><strong><img loading=\"lazy\" decoding=\"async\" class=\"size-medium wp-image-23991 alignleft\" src=\"https:\/\/duraznohoy.com\/wp-content\/uploads\/2021\/06\/CARLOS-REYLES-MOTOS1-300x199.jpg\" alt=\"\" width=\"300\" height=\"199\" srcset=\"https:\/\/duraznohoy.com\/wp-content\/uploads\/2021\/06\/CARLOS-REYLES-MOTOS1-300x199.jpg 300w, https:\/\/duraznohoy.com\/wp-content\/uploads\/2021\/06\/CARLOS-REYLES-MOTOS1.jpg 664w\" sizes=\"auto, (max-width: 300px) 100vw, 300px\" \/>Cientos de ciclomotores que hab\u00edan oportunamente sido incautadas fueron destruidas en las \u00faltimas horas.<\/strong><\/p>\n<p>En la localidad de Carlos Reyles, la intendencia procedi\u00f3 en la ma\u00f1ana de este jueves a la destrucci\u00f3n de unos 500 ciclomotores, que se encontraban en dep\u00f3sito. fueron destruidos por parte de la comuna. Los mismos hab\u00edan sido incautados tras distintos procedimientos inspectivos de tr\u00e1nsito efectuados durante varios a\u00f1os.<\/p>\n<p>El secretario general de la Comuna, Domingo Rielli y la directora de Administraci\u00f3n Dra. Ana Laura Gadea, supervisaron el proceso de demolici\u00f3n seg\u00fan se inform\u00f3 hoy desde Prensa de la Intendencia. <\/p>\n","protected":false},"excerpt":{"rendered":"<p>Cientos de ciclomotores que hab\u00edan oportunamente sido incautadas fueron destruidas en las \u00faltimas horas. En&#8230;<\/p>\n","protected":false},"author":2,"featured_media":23990,"comment_status":"closed","ping_status":"closed","sticky":false,"template":"","format":"standard","meta":{"footnotes":"","jetpack_publicize_message":"{title}\n\n{excerpt}\n\n{url}","jetpack_publicize_feature_enabled":true,"jetpack_social_post_already_shared":true,"jetpack_social_options":{"image_generator_settings":{"template":"fullscreen","default_image_id":0,"font":"","enabled":false},"version":2},"_wpas_customize_per_network":false},"categories":[33],"tags":[],"class_list":["post-23989","post","type-post","status-publish","format-standard","has-post-thumbnail","hentry","category-actualidad"],"jetpack_publicize_connections":[],"_links":{"self":[{"href":"https:\/\/duraznohoy.com\/index.php?rest_route=\/wp\/v2\/posts\/23989","targetHints":{"allow":["GET"]}}],"collection":[{"href":"https:\/\/duraznohoy.com\/index.php?rest_route=\/wp\/v2\/posts"}],"about":[{"href":"https:\/\/duraznohoy.com\/index.php?rest_route=\/wp\/v2\/types\/post"}],"author":[{"embeddable":true,"href":"https:\/\/duraznohoy.com\/index.php?rest_route=\/wp\/v2\/users\/2"}],"replies":[{"embeddable":true,"href":"https:\/\/duraznohoy.com\/index.php?rest_route=%2Fwp%2Fv2%2Fcomments&post=23989"}],"version-history":[{"count":0,"href":"https:\/\/duraznohoy.com\/index.php?rest_route=\/wp\/v2\/posts\/23989\/revisions"}],"wp:featuredmedia":[{"embeddable":true,"href":"https:\/\/duraznohoy.com\/index.php?rest_route=\/wp\/v2\/media\/23990"}],"wp:attachment":[{"href":"https:\/\/duraznohoy.com\/index.php?rest_route=%2Fwp%2Fv2%2Fmedia&parent=23989"}],"wp:term":[{"taxonomy":"category","embeddable":true,"href":"https:\/\/duraznohoy.com\/index.php?rest_route=%2Fwp%2Fv2%2Fcategories&post=23989"},{"taxonomy":"post_tag","embeddable":true,"href":"https:\/\/duraznohoy.com\/index.php?rest_route=%2Fwp%2Fv2%2Ftags&post=23989"}],"curies":[{"name":"wp","href":"https:\/\/api.w.org\/{rel}","templated":true}]}}