{"id":23993,"date":"2021-06-24T20:45:14","date_gmt":"2021-06-24T23:45:14","guid":{"rendered":"http:\/\/duraznohoy.com\/?p=23993"},"modified":"2021-06-24T20:45:14","modified_gmt":"2021-06-24T23:45:14","slug":"desde-el-lunes-subsidio-para-los-sectores-mas-afectados-por-la-pandemia","status":"publish","type":"post","link":"https:\/\/duraznohoy.com\/?p=23993","title":{"rendered":"Desde el lunes: subsidio para los sectores m\u00e1s afectados por la pandemia."},"content":{"rendered":"<p style=\"text-align: right;\"><strong>El pr\u00f3ximo lunes estar\u00e1 disponible la segunda partida de $ 7.305 del subsidio para los sectores m\u00e1s afectados por la pandemia.<\/strong><\/p>\n<p>Este subsidio comprende a Monotributistas MIDES y a cuentapropistas o informales de los sectores m\u00e1s afectados: autores, int\u00e9rpretes, actores, m\u00fasicos, disc jockeys, sonidistas, bailarines, iluminadores, escen\u00f3grafos, fot\u00f3grafos, realizadores de videos, trabajadores vinculados a la organizaci\u00f3n de fiestas y eventos o que brindan servicios a salones de fiestas, entrenadores y profesores de gimnasia, gu\u00edas tur\u00edsticos y promotores de turismo aventura, cuyas actividades se hayan visto afectadas a causa de las restricciones impuestas por el gobierno para frenar los contagios de coronavirus. Cabe destacar que los beneficiarios de actividades que ya se retomaron, seguir\u00e1n cobrando el subsidio hasta completar los 3 meses.<\/p>\n<p>El pago se realiza a trav\u00e9s de las redes de cobranza de todo el pa\u00eds, a partir de este lunes 28 de junio. Los beneficiarios deber\u00e1n concurrir \u00fanicamente con su c\u00e9dula de identidad para hacer efectivo el cobro. Est\u00e1n habilitados para recibir el subsidio aproximadamente 13 mil monotributistas MIDES inscriptos en el Banco de Previsi\u00f3n Social y unos 6 mil cuentapropistas e informales de los sectores m\u00e1s afectados. En este \u00faltimo caso, cabe recordar que la n\u00f3mina de beneficiarios fue determinada y comunicada a las autoridades del Ministerio de Trabajo y Seguridad Social por las organizaciones representativas de cada sector.<\/p>\n<p>&nbsp;<\/p>\n<p>&nbsp; <\/p>\n","protected":false},"excerpt":{"rendered":"<p>El pr\u00f3ximo lunes estar\u00e1 disponible la segunda partida de $ 7.305 del subsidio para los&#8230;<\/p>\n","protected":false},"author":2,"featured_media":23994,"comment_status":"closed","ping_status":"closed","sticky":false,"template":"","format":"standard","meta":{"footnotes":"","jetpack_publicize_message":"{title}\n\n{excerpt}\n\n{url}","jetpack_publicize_feature_enabled":true,"jetpack_social_post_already_shared":true,"jetpack_social_options":{"image_generator_settings":{"template":"fullscreen","default_image_id":0,"font":"","enabled":false},"version":2},"_wpas_customize_per_network":false},"categories":[33],"tags":[],"class_list":["post-23993","post","type-post","status-publish","format-standard","has-post-thumbnail","hentry","category-actualidad"],"jetpack_publicize_connections":[],"_links":{"self":[{"href":"https:\/\/duraznohoy.com\/index.php?rest_route=\/wp\/v2\/posts\/23993","targetHints":{"allow":["GET"]}}],"collection":[{"href":"https:\/\/duraznohoy.com\/index.php?rest_route=\/wp\/v2\/posts"}],"about":[{"href":"https:\/\/duraznohoy.com\/index.php?rest_route=\/wp\/v2\/types\/post"}],"author":[{"embeddable":true,"href":"https:\/\/duraznohoy.com\/index.php?rest_route=\/wp\/v2\/users\/2"}],"replies":[{"embeddable":true,"href":"https:\/\/duraznohoy.com\/index.php?rest_route=%2Fwp%2Fv2%2Fcomments&post=23993"}],"version-history":[{"count":0,"href":"https:\/\/duraznohoy.com\/index.php?rest_route=\/wp\/v2\/posts\/23993\/revisions"}],"wp:featuredmedia":[{"embeddable":true,"href":"https:\/\/duraznohoy.com\/index.php?rest_route=\/wp\/v2\/media\/23994"}],"wp:attachment":[{"href":"https:\/\/duraznohoy.com\/index.php?rest_route=%2Fwp%2Fv2%2Fmedia&parent=23993"}],"wp:term":[{"taxonomy":"category","embeddable":true,"href":"https:\/\/duraznohoy.com\/index.php?rest_route=%2Fwp%2Fv2%2Fcategories&post=23993"},{"taxonomy":"post_tag","embeddable":true,"href":"https:\/\/duraznohoy.com\/index.php?rest_route=%2Fwp%2Fv2%2Ftags&post=23993"}],"curies":[{"name":"wp","href":"https:\/\/api.w.org\/{rel}","templated":true}]}}