{"id":23996,"date":"2021-06-24T21:19:07","date_gmt":"2021-06-25T00:19:07","guid":{"rendered":"http:\/\/duraznohoy.com\/?p=23996"},"modified":"2021-06-24T21:19:07","modified_gmt":"2021-06-25T00:19:07","slug":"autorizan-medicamento-innovador-para-casos-especificos-de-covid-19","status":"publish","type":"post","link":"https:\/\/duraznohoy.com\/?p=23996","title":{"rendered":"Autorizan medicamento innovador para casos espec\u00edficos de Covid-19."},"content":{"rendered":"<p><strong>El Ministerio de Salud P\u00fablica autoriza medicamento innovador para casos espec\u00edficos de Covid-19<\/strong><\/p>\n<p>El ministro Salinas dijo que es un<em><strong> \u00abtratamiento innovador\u00bb<\/strong><\/em>, para<em><strong> \u00abcasos espec\u00edficos\u00bb<\/strong><\/em>. Se trata del <strong>Tocilizumab<\/strong>.<\/p>\n<p>El ministro de Salud P\u00fablica <strong>Daniel Salinas<\/strong> anunci\u00f3 que se autoriz\u00f3 el uso de emergencia de un nuevo medicamento para casos espec\u00edficos de Covid-19, que podr\u00edan evitar la internaci\u00f3n en CTI.<\/p>\n<p><em><strong>\u201cEstamos autorizando, est\u00e1 para la firma ya, un tratamiento innovador, que con gu\u00edas muy espec\u00edficas y rigurosas de tratamiento, es un medicamento espec\u00edfico para Covid\u201d<\/strong><\/em>, dijo el ministro.<\/p>\n<p>Salinas dijo que se aplicar\u00e1 en <em><strong>\u201ccasos espec\u00edficos, bien protocolizados\u201d.<\/strong><\/em><\/p>\n<p>Se trata del medicamento Tocilizumab, que ahora contar\u00e1 con la autorizaci\u00f3n del MSP tras el asesoramiento de la C\u00e1tedra de Enfermedades Infecciosas, explic\u00f3 Salinas.<\/p>\n<p><em><strong>Como se trata de un medicamento \u201ccostoso\u201d, dijo el ministro, se financiar\u00e1 con recursos del Fondo Coronavirus<\/strong><\/em> <\/p>\n","protected":false},"excerpt":{"rendered":"<p>El Ministerio de Salud P\u00fablica autoriza medicamento innovador para casos espec\u00edficos de Covid-19 El ministro&#8230;<\/p>\n","protected":false},"author":2,"featured_media":23997,"comment_status":"closed","ping_status":"closed","sticky":false,"template":"","format":"standard","meta":{"footnotes":"","jetpack_publicize_message":"{title}\n\n{excerpt}\n\n{url}","jetpack_publicize_feature_enabled":true,"jetpack_social_post_already_shared":true,"jetpack_social_options":{"image_generator_settings":{"template":"fullscreen","default_image_id":0,"font":"","enabled":false},"version":2},"_wpas_customize_per_network":false},"categories":[33,32],"tags":[],"class_list":["post-23996","post","type-post","status-publish","format-standard","has-post-thumbnail","hentry","category-actualidad","category-salud"],"jetpack_publicize_connections":[],"_links":{"self":[{"href":"https:\/\/duraznohoy.com\/index.php?rest_route=\/wp\/v2\/posts\/23996","targetHints":{"allow":["GET"]}}],"collection":[{"href":"https:\/\/duraznohoy.com\/index.php?rest_route=\/wp\/v2\/posts"}],"about":[{"href":"https:\/\/duraznohoy.com\/index.php?rest_route=\/wp\/v2\/types\/post"}],"author":[{"embeddable":true,"href":"https:\/\/duraznohoy.com\/index.php?rest_route=\/wp\/v2\/users\/2"}],"replies":[{"embeddable":true,"href":"https:\/\/duraznohoy.com\/index.php?rest_route=%2Fwp%2Fv2%2Fcomments&post=23996"}],"version-history":[{"count":0,"href":"https:\/\/duraznohoy.com\/index.php?rest_route=\/wp\/v2\/posts\/23996\/revisions"}],"wp:featuredmedia":[{"embeddable":true,"href":"https:\/\/duraznohoy.com\/index.php?rest_route=\/wp\/v2\/media\/23997"}],"wp:attachment":[{"href":"https:\/\/duraznohoy.com\/index.php?rest_route=%2Fwp%2Fv2%2Fmedia&parent=23996"}],"wp:term":[{"taxonomy":"category","embeddable":true,"href":"https:\/\/duraznohoy.com\/index.php?rest_route=%2Fwp%2Fv2%2Fcategories&post=23996"},{"taxonomy":"post_tag","embeddable":true,"href":"https:\/\/duraznohoy.com\/index.php?rest_route=%2Fwp%2Fv2%2Ftags&post=23996"}],"curies":[{"name":"wp","href":"https:\/\/api.w.org\/{rel}","templated":true}]}}