{"id":24006,"date":"2021-06-25T20:08:26","date_gmt":"2021-06-25T23:08:26","guid":{"rendered":"http:\/\/duraznohoy.com\/?p=24006"},"modified":"2021-06-25T20:08:26","modified_gmt":"2021-06-25T23:08:26","slug":"adid-con-el-intendente","status":"publish","type":"post","link":"https:\/\/duraznohoy.com\/?p=24006","title":{"rendered":"ADID con el Intendente."},"content":{"rendered":"<p><strong>Una reuni\u00f3n entre directivos de la Asociaci\u00f3n de Impedidos Duraznenses y el Intendente Departamental, se efectu\u00f3 en la tarde de este viernes.<\/strong><\/p>\n<p>El encuentro se desarroll\u00f3 en el Despacho del Lic. Carmelo Vidal\u00edn, asistiendo en representaci\u00f3n de ADID, Grisel Burroso, Cecilia Silveira, Andrea Ramos y Jes\u00fas Correa.<\/p>\n<p>El Intendente respondi\u00f3 a una serie de inquietudes planteadas tiempo atr\u00e1s por ADID, realizando incluso, en presencia de los directivos, contactos telef\u00f3nicos que agilizar\u00e1n gestiones a nivel nacional, con un alto grado de posibilidad de concretarse.<\/p>\n<p>La nueva Comisi\u00f3n de la mencionada Instituci\u00f3n, asumi\u00f3 a principios del presente a\u00f1o y es presidida por N\u00e9stor Fern\u00e1ndez quien no asisti\u00f3 a la reuni\u00f3n por encontrarse fuera de la ciudad. <\/p>\n","protected":false},"excerpt":{"rendered":"<p>Una reuni\u00f3n entre directivos de la Asociaci\u00f3n de Impedidos Duraznenses y el Intendente Departamental, se&#8230;<\/p>\n","protected":false},"author":2,"featured_media":24007,"comment_status":"closed","ping_status":"closed","sticky":false,"template":"","format":"standard","meta":{"footnotes":"","jetpack_publicize_message":"{title}\n\n{excerpt}\n\n{url}","jetpack_publicize_feature_enabled":true,"jetpack_social_post_already_shared":true,"jetpack_social_options":{"image_generator_settings":{"template":"fullscreen","default_image_id":0,"font":"","enabled":false},"version":2},"_wpas_customize_per_network":false},"categories":[33],"tags":[],"class_list":["post-24006","post","type-post","status-publish","format-standard","has-post-thumbnail","hentry","category-actualidad"],"jetpack_publicize_connections":[],"_links":{"self":[{"href":"https:\/\/duraznohoy.com\/index.php?rest_route=\/wp\/v2\/posts\/24006","targetHints":{"allow":["GET"]}}],"collection":[{"href":"https:\/\/duraznohoy.com\/index.php?rest_route=\/wp\/v2\/posts"}],"about":[{"href":"https:\/\/duraznohoy.com\/index.php?rest_route=\/wp\/v2\/types\/post"}],"author":[{"embeddable":true,"href":"https:\/\/duraznohoy.com\/index.php?rest_route=\/wp\/v2\/users\/2"}],"replies":[{"embeddable":true,"href":"https:\/\/duraznohoy.com\/index.php?rest_route=%2Fwp%2Fv2%2Fcomments&post=24006"}],"version-history":[{"count":0,"href":"https:\/\/duraznohoy.com\/index.php?rest_route=\/wp\/v2\/posts\/24006\/revisions"}],"wp:featuredmedia":[{"embeddable":true,"href":"https:\/\/duraznohoy.com\/index.php?rest_route=\/wp\/v2\/media\/24007"}],"wp:attachment":[{"href":"https:\/\/duraznohoy.com\/index.php?rest_route=%2Fwp%2Fv2%2Fmedia&parent=24006"}],"wp:term":[{"taxonomy":"category","embeddable":true,"href":"https:\/\/duraznohoy.com\/index.php?rest_route=%2Fwp%2Fv2%2Fcategories&post=24006"},{"taxonomy":"post_tag","embeddable":true,"href":"https:\/\/duraznohoy.com\/index.php?rest_route=%2Fwp%2Fv2%2Ftags&post=24006"}],"curies":[{"name":"wp","href":"https:\/\/api.w.org\/{rel}","templated":true}]}}