{"id":24015,"date":"2021-06-25T21:31:18","date_gmt":"2021-06-26T00:31:18","guid":{"rendered":"http:\/\/duraznohoy.com\/?p=24015"},"modified":"2021-06-25T23:09:30","modified_gmt":"2021-06-26T02:09:30","slug":"reabriria-el-bioparque","status":"publish","type":"post","link":"https:\/\/duraznohoy.com\/?p=24015","title":{"rendered":"Reabrir\u00eda el Bioparque."},"content":{"rendered":"<p><strong><img loading=\"lazy\" decoding=\"async\" class=\"size-medium wp-image-24018 alignleft\" src=\"https:\/\/duraznohoy.com\/wp-content\/uploads\/2021\/06\/bioparque_2018-300x220.jpeg\" alt=\"\" width=\"300\" height=\"220\" srcset=\"https:\/\/duraznohoy.com\/wp-content\/uploads\/2021\/06\/bioparque_2018-300x220.jpeg 300w, https:\/\/duraznohoy.com\/wp-content\/uploads\/2021\/06\/bioparque_2018-768x563.jpeg 768w, https:\/\/duraznohoy.com\/wp-content\/uploads\/2021\/06\/bioparque_2018.jpeg 991w\" sizes=\"auto, (max-width: 300px) 100vw, 300px\" \/>Es inminente que la Intendencia anuncie la reapertura del Bio Parque.<\/strong><\/p>\n<p>A la situaci\u00f3n sanitaria departamental, que ha mejorado sensiblemente, se agrega la medida del gobierno nacional habilitando espect\u00e1culos y eventos, sobre lo que informamos aparte.<\/p>\n<p>Seguramente no va a demorar la resoluci\u00f3n del Intendente de reabrir las puertas del Bio Parque, m\u00e1xime si tenemos en cuenta el inicio de las vacaciones de julio<strong>.<\/strong><\/p>\n<p>Para el lunes pr\u00f3ximo en horas de la ma\u00f1ana, el CECOED estar\u00e1 realizando a la hora 11.00, en la Sala Valent\u00edn Arias una Conferencia de Prensa donde podr\u00eda efectuarse el anuncio. <\/p>\n","protected":false},"excerpt":{"rendered":"<p>Es inminente que la Intendencia anuncie la reapertura del Bio Parque. A la situaci\u00f3n sanitaria&#8230;<\/p>\n","protected":false},"author":2,"featured_media":24017,"comment_status":"closed","ping_status":"closed","sticky":false,"template":"","format":"standard","meta":{"footnotes":"","jetpack_publicize_message":"{title}\n\n{excerpt}\n\n{url}","jetpack_publicize_feature_enabled":true,"jetpack_social_post_already_shared":true,"jetpack_social_options":{"image_generator_settings":{"template":"fullscreen","default_image_id":0,"font":"","enabled":false},"version":2},"_wpas_customize_per_network":false},"categories":[33,30],"tags":[],"class_list":["post-24015","post","type-post","status-publish","format-standard","has-post-thumbnail","hentry","category-actualidad","category-recreacion"],"jetpack_publicize_connections":[],"_links":{"self":[{"href":"https:\/\/duraznohoy.com\/index.php?rest_route=\/wp\/v2\/posts\/24015","targetHints":{"allow":["GET"]}}],"collection":[{"href":"https:\/\/duraznohoy.com\/index.php?rest_route=\/wp\/v2\/posts"}],"about":[{"href":"https:\/\/duraznohoy.com\/index.php?rest_route=\/wp\/v2\/types\/post"}],"author":[{"embeddable":true,"href":"https:\/\/duraznohoy.com\/index.php?rest_route=\/wp\/v2\/users\/2"}],"replies":[{"embeddable":true,"href":"https:\/\/duraznohoy.com\/index.php?rest_route=%2Fwp%2Fv2%2Fcomments&post=24015"}],"version-history":[{"count":0,"href":"https:\/\/duraznohoy.com\/index.php?rest_route=\/wp\/v2\/posts\/24015\/revisions"}],"wp:featuredmedia":[{"embeddable":true,"href":"https:\/\/duraznohoy.com\/index.php?rest_route=\/wp\/v2\/media\/24017"}],"wp:attachment":[{"href":"https:\/\/duraznohoy.com\/index.php?rest_route=%2Fwp%2Fv2%2Fmedia&parent=24015"}],"wp:term":[{"taxonomy":"category","embeddable":true,"href":"https:\/\/duraznohoy.com\/index.php?rest_route=%2Fwp%2Fv2%2Fcategories&post=24015"},{"taxonomy":"post_tag","embeddable":true,"href":"https:\/\/duraznohoy.com\/index.php?rest_route=%2Fwp%2Fv2%2Ftags&post=24015"}],"curies":[{"name":"wp","href":"https:\/\/api.w.org\/{rel}","templated":true}]}}