{"id":24031,"date":"2021-06-26T16:53:51","date_gmt":"2021-06-26T19:53:51","guid":{"rendered":"http:\/\/duraznohoy.com\/?p=24031"},"modified":"2021-06-26T16:53:51","modified_gmt":"2021-06-26T19:53:51","slug":"el-telescopio-de-don-james","status":"publish","type":"post","link":"https:\/\/duraznohoy.com\/?p=24031","title":{"rendered":"El telescopio de Don James."},"content":{"rendered":"<div dir=\"auto\"><\/div>\n<div class=\"o9v6fnle cxmmr5t8 oygrvhab hcukyx3x c1et5uql ii04i59q\">\n<div dir=\"auto\"><strong><img loading=\"lazy\" decoding=\"async\" class=\" wp-image-24032 alignleft\" src=\"https:\/\/duraznohoy.com\/wp-content\/uploads\/2021\/06\/DON-JAMES-1-300x180.jpg\" alt=\"\" width=\"253\" height=\"152\" srcset=\"https:\/\/duraznohoy.com\/wp-content\/uploads\/2021\/06\/DON-JAMES-1-300x180.jpg 300w, https:\/\/duraznohoy.com\/wp-content\/uploads\/2021\/06\/DON-JAMES-1.jpg 664w\" sizes=\"auto, (max-width: 253px) 100vw, 253px\" \/>Se trata de un telescopio de tubo de bronce que fue adquirido por el Agrimensor Don James Garc\u00eda Austt * director del liceo Dr. Rubino en Durazno,en la d\u00e9cada de 1950 aproximadamente y luego donado al liceo.<\/strong><\/div>\n<div dir=\"auto\">Garc\u00eda Austt ocup\u00f3 la direcci\u00f3n de este instituto entre 1951 y 1953, habiendo llegado unos a\u00f1os antes siendo adem\u00e1s profesor de matem\u00e1tica y cosmograf\u00eda.<\/div>\n<\/div>\n<div class=\"o9v6fnle cxmmr5t8 oygrvhab hcukyx3x c1et5uql ii04i59q\">\n<div dir=\"auto\">Es un telescopio de 85 mm de abertura, con montura alta-zimutal, sobre un tr\u00edpode de madera (similar al tr\u00edpode en que sostiene el teodolito), tiene adem\u00e1s un peque\u00f1o anteojo buscador.<\/div>\n<div dir=\"auto\">Ha sido utilizado durante d\u00e9cadas como el \u00fanico telescopio disponible para el trabajo educativo y s\u00e9 encuentra en el observatorio astron\u00f3mico de dicho liceo.<\/div>\n<\/div>\n<div class=\"o9v6fnle cxmmr5t8 oygrvhab hcukyx3x c1et5uql ii04i59q\">\n<div dir=\"auto\">*Jaime Garc\u00eda- Austt naci\u00f3 en la ciudad de Artigas en el a\u00f1o 1888, hijo de una familia de buena posici\u00f3n en la sociedad norte\u00f1a donde su padre era propietario de una barraca,<\/div>\n<div dir=\"auto\">Uno de sus hermanos fue el m\u00e9dico y profesor de psiquiatr\u00eda Elio Garc\u00eda. Austt, diputado blanco por el departamento de Colonia e impulsor del proyecto de Ley de creaci\u00f3n de la Facultad de Humanidades.<\/div>\n<div dir=\"auto\">En su ciudad natal James Garc\u00eda- Austt comparte su crianza con la familia Dieste uno de cuyos hijos ser\u00e1 el luego famoso arquitecto Eladio Dieste.<\/div>\n<div dir=\"auto\">En la primera d\u00e9cada de 1900 completa sus estudios secundarios en la ciudad de Montevideo e ingresa a la carrera universitaria en la entonces Facultad de Matem\u00e1tica de la cual egresar\u00e1 con el t\u00edtulo de Agrimensor.<\/div>\n<div dir=\"auto\">En su pasaje por la universidad conoce al profesor Alberto Reyes Th\u00e9venet, autor de muchos libros sobre cosmograf\u00eda, y uno de los principales impulsores de la ense\u00f1anza de \u00e9sta en la educaci\u00f3n media de entonces.<\/div>\n<div dir=\"auto\">A pocos a\u00f1os de egresar se incorpora a la educaci\u00f3n media como profesor de Matem\u00e1tica.<\/div>\n<div dir=\"auto\">En 1942 asume como profesor efectivo en el liceo de San Carlos, en el departamento de Maldonado, habiendo desempe\u00f1ado igual cargo jer\u00e1rquico en el liceo de la ciudad de Treinta y Tres.<\/div>\n<div dir=\"auto\">El 2 de abril de 1951 asume como director del liceo departamental de Durazno, permaneciendo en el cargo hasta el 16 de abril de 1953 cuando ser\u00e1 sucedido por el Arquitecto Eduardo Gonz\u00e1lez Pose.<\/div>\n<div dir=\"auto\">En el liceo de Durazno, Instituto \u201cDr. Miguel C. Rubino\u201d, se encargar\u00e1 del dictado de clases de matem\u00e1tica y cosmograf\u00eda, siendo esta \u00faltima disciplina de su especial inter\u00e9s por su formaci\u00f3n como agrimensor.<\/div>\n<div dir=\"auto\">Es durante el ejercicio como docente de cosmograf\u00eda que incorpora al liceo un telescopio refractor con una abertura de 85 mm y cuerpo de bronce, el cual permiti\u00f3 a los estudiantes efectuar observaciones del cielo.<\/div>\n<\/div>\n<div class=\"o9v6fnle cxmmr5t8 oygrvhab hcukyx3x c1et5uql ii04i59q\">\n<div dir=\"auto\">Estuvo casado con Nieves Pereda de cuya uni\u00f3n nacieron cuatro hijos.<\/div>\n<div dir=\"auto\">En Durazno vivi\u00f3 en una finca contigua al edificio que ocupara el Banco Rep\u00fablica y luego el Poder Judicial y que ocupa la Junta Departamental, por calle Dr. Herrera n\u00famero 870 frente a la plaza Sarand\u00ed.<\/div>\n<div dir=\"auto\">De gesto serio y car\u00e1cter algo bohemio fue adem\u00e1s un lector infatigable, conocedor de la cultura universal y poseedor de una excelente biblioteca cuya contenido aliment\u00f3 parte de las existencias de la Biblioteca Popular (en el Liceo Departamental) y de la Biblioteca Municipal.<\/div>\n<div dir=\"auto\">Fallece a los 65 a\u00f1os en Durazno, el 18 de abril de 1953.<\/div>\n<\/div>\n<div class=\"o9v6fnle cxmmr5t8 oygrvhab hcukyx3x c1et5uql ii04i59q\">\n<div dir=\"auto\"><\/div>\n<div dir=\"auto\">*<em><strong>(S\u00edntesis biogr\u00e1fica realizada por el Prof. Carlos Fariello Gamarra, 2017)<\/strong><\/em><\/div>\n<\/div>\n<div class=\"o9v6fnle cxmmr5t8 oygrvhab hcukyx3x c1et5uql ii04i59q\">\n<div dir=\"auto\"><em><strong>Fotograf\u00edas de Carlos Fariello.<\/strong><\/em><\/div>\n<\/div>\n","protected":false},"excerpt":{"rendered":"<p>Se trata de un telescopio de tubo de bronce que fue adquirido por el Agrimensor&#8230;<\/p>\n","protected":false},"author":2,"featured_media":24033,"comment_status":"closed","ping_status":"closed","sticky":false,"template":"","format":"standard","meta":{"footnotes":"","jetpack_publicize_message":"{title}\n\n{excerpt}\n\n{url}","jetpack_publicize_feature_enabled":true,"jetpack_social_post_already_shared":true,"jetpack_social_options":{"image_generator_settings":{"template":"fullscreen","default_image_id":0,"font":"","enabled":false},"version":2},"_wpas_customize_per_network":false},"categories":[41],"tags":[],"class_list":["post-24031","post","type-post","status-publish","format-standard","has-post-thumbnail","hentry","category-recordando"],"jetpack_publicize_connections":[],"_links":{"self":[{"href":"https:\/\/duraznohoy.com\/index.php?rest_route=\/wp\/v2\/posts\/24031","targetHints":{"allow":["GET"]}}],"collection":[{"href":"https:\/\/duraznohoy.com\/index.php?rest_route=\/wp\/v2\/posts"}],"about":[{"href":"https:\/\/duraznohoy.com\/index.php?rest_route=\/wp\/v2\/types\/post"}],"author":[{"embeddable":true,"href":"https:\/\/duraznohoy.com\/index.php?rest_route=\/wp\/v2\/users\/2"}],"replies":[{"embeddable":true,"href":"https:\/\/duraznohoy.com\/index.php?rest_route=%2Fwp%2Fv2%2Fcomments&post=24031"}],"version-history":[{"count":0,"href":"https:\/\/duraznohoy.com\/index.php?rest_route=\/wp\/v2\/posts\/24031\/revisions"}],"wp:featuredmedia":[{"embeddable":true,"href":"https:\/\/duraznohoy.com\/index.php?rest_route=\/wp\/v2\/media\/24033"}],"wp:attachment":[{"href":"https:\/\/duraznohoy.com\/index.php?rest_route=%2Fwp%2Fv2%2Fmedia&parent=24031"}],"wp:term":[{"taxonomy":"category","embeddable":true,"href":"https:\/\/duraznohoy.com\/index.php?rest_route=%2Fwp%2Fv2%2Fcategories&post=24031"},{"taxonomy":"post_tag","embeddable":true,"href":"https:\/\/duraznohoy.com\/index.php?rest_route=%2Fwp%2Fv2%2Ftags&post=24031"}],"curies":[{"name":"wp","href":"https:\/\/api.w.org\/{rel}","templated":true}]}}