{"id":24040,"date":"2021-06-27T00:06:33","date_gmt":"2021-06-27T03:06:33","guid":{"rendered":"http:\/\/duraznohoy.com\/?p=24040"},"modified":"2021-06-27T00:06:33","modified_gmt":"2021-06-27T03:06:33","slug":"un-plato-caliente-2","status":"publish","type":"post","link":"https:\/\/duraznohoy.com\/?p=24040","title":{"rendered":"Un plato caliente"},"content":{"rendered":"<p><img loading=\"lazy\" decoding=\"async\" src=\"https:\/\/duraznohoy.com\/wp-content\/uploads\/2021\/06\/SAVE_20210627_240412-300x174.jpg\" alt=\"\" width=\"300\" height=\"174\" class=\"alignnone size-medium wp-image-24041\" srcset=\"https:\/\/duraznohoy.com\/wp-content\/uploads\/2021\/06\/SAVE_20210627_240412-300x174.jpg 300w, https:\/\/duraznohoy.com\/wp-content\/uploads\/2021\/06\/SAVE_20210627_240412-1024x592.jpg 1024w, https:\/\/duraznohoy.com\/wp-content\/uploads\/2021\/06\/SAVE_20210627_240412-768x444.jpg 768w, https:\/\/duraznohoy.com\/wp-content\/uploads\/2021\/06\/SAVE_20210627_240412.jpg 1307w\" sizes=\"auto, (max-width: 300px) 100vw, 300px\" \/>                                                                                            A instancias del Comit\u00e9 Departamental de Emergencias, comenz\u00f3 el viernes la entrega en horario nocturno de \u00abplatos calientes\u00bb en el comedor que funciona en COBUSU, a personas de situaci\u00f3n socioecon\u00f3mica vulnerable.                                                         Se sirven en viandas que el usuario debe llevar, debiendo concurrir de barbijo, cumpli\u00e9ndose en el lugar los protocolos establecidos por la pandemia.                                                                                                                                                 \u00abSe comenz\u00f3 en el comedor relevando a usuarios que levantan el almuerzo y se abri\u00f3 inscripci\u00f3n en el Departamento de Promoci\u00f3n Social para vecinos de otras zonas que necesiten la asistencia. La idea es comenzar paulatinamente a los efectos de ver cual es la necesidad y si en alg\u00fan momento tenemos que trasladar el alimento a otro punto de la ciudad para ser servido as\u00ed se har\u00e1\u00bb, dijo Juan Jos\u00e9 Bruno, Director de Promoci\u00f3n Social de la IDD. <\/p>\n","protected":false},"excerpt":{"rendered":"<p>A instancias del Comit\u00e9 Departamental de Emergencias, comenz\u00f3 el viernes la entrega en horario nocturno&#8230;<\/p>\n","protected":false},"author":26,"featured_media":24041,"comment_status":"closed","ping_status":"closed","sticky":false,"template":"","format":"standard","meta":{"footnotes":"","jetpack_publicize_message":"{title}\n\n{excerpt}\n\n{url}","jetpack_publicize_feature_enabled":true,"jetpack_social_post_already_shared":true,"jetpack_social_options":{"image_generator_settings":{"template":"fullscreen","default_image_id":0,"font":"","enabled":false},"version":2},"_wpas_customize_per_network":false},"categories":[33],"tags":[],"class_list":["post-24040","post","type-post","status-publish","format-standard","has-post-thumbnail","hentry","category-actualidad"],"jetpack_publicize_connections":[],"_links":{"self":[{"href":"https:\/\/duraznohoy.com\/index.php?rest_route=\/wp\/v2\/posts\/24040","targetHints":{"allow":["GET"]}}],"collection":[{"href":"https:\/\/duraznohoy.com\/index.php?rest_route=\/wp\/v2\/posts"}],"about":[{"href":"https:\/\/duraznohoy.com\/index.php?rest_route=\/wp\/v2\/types\/post"}],"author":[{"embeddable":true,"href":"https:\/\/duraznohoy.com\/index.php?rest_route=\/wp\/v2\/users\/26"}],"replies":[{"embeddable":true,"href":"https:\/\/duraznohoy.com\/index.php?rest_route=%2Fwp%2Fv2%2Fcomments&post=24040"}],"version-history":[{"count":0,"href":"https:\/\/duraznohoy.com\/index.php?rest_route=\/wp\/v2\/posts\/24040\/revisions"}],"wp:featuredmedia":[{"embeddable":true,"href":"https:\/\/duraznohoy.com\/index.php?rest_route=\/wp\/v2\/media\/24041"}],"wp:attachment":[{"href":"https:\/\/duraznohoy.com\/index.php?rest_route=%2Fwp%2Fv2%2Fmedia&parent=24040"}],"wp:term":[{"taxonomy":"category","embeddable":true,"href":"https:\/\/duraznohoy.com\/index.php?rest_route=%2Fwp%2Fv2%2Fcategories&post=24040"},{"taxonomy":"post_tag","embeddable":true,"href":"https:\/\/duraznohoy.com\/index.php?rest_route=%2Fwp%2Fv2%2Ftags&post=24040"}],"curies":[{"name":"wp","href":"https:\/\/api.w.org\/{rel}","templated":true}]}}