{"id":24046,"date":"2021-06-27T12:11:50","date_gmt":"2021-06-27T15:11:50","guid":{"rendered":"http:\/\/duraznohoy.com\/?p=24046"},"modified":"2021-06-27T12:11:50","modified_gmt":"2021-06-27T15:11:50","slug":"el-invierno-en-durazno","status":"publish","type":"post","link":"https:\/\/duraznohoy.com\/?p=24046","title":{"rendered":"El invierno en Durazno."},"content":{"rendered":"<p><strong>Es invierno.<\/strong><\/p>\n<p>&nbsp;<\/p>\n<p>El invierno en Durazno<\/p>\n<p>mezcla la niebla gris<\/p>\n<p>con el oro de oto\u00f1o<\/p>\n<p>y el agua, casi helada,<\/p>\n<p>se lleva calle abajo<\/p>\n<p>cual bote a la deriva<\/p>\n<p>a las hojas que flotan<\/p>\n<p>con sus caras doradas.<\/p>\n<p>Los vecinos se cruzan<\/p>\n<p>casi sin saludarse,<\/p>\n<p>sus cabezas perdidas<\/p>\n<p>en buzos y bufandas<\/p>\n<p>mientras el viento arquea<\/p>\n<p>sus cuerpos levemente<\/p>\n<p>y surge en las rendijas<\/p>\n<p>de cerradas ventanas<\/p>\n<p>el aroma a tomillo,<\/p>\n<p>a comino y pimienta<\/p>\n<p>esperando el destino<\/p>\n<p>de alg\u00fan plato caliente.<\/p>\n<p>Cuando llega la tarde<\/p>\n<p>el invierno en durazno<\/p>\n<p>oculta temeroso<\/p>\n<p>su cara despeinada<\/p>\n<p>y hay un le\u00f1o encendido<\/p>\n<p>que ilumina la casa,<\/p>\n<p>que cobija, calienta,<\/p>\n<p>que hace tibio los sue\u00f1os<\/p>\n<p>y hace dormir pensando<\/p>\n<p>\u00bfC\u00f3mo estar\u00e1 ma\u00f1ana?<\/p>\n<p>No importa si hace fr\u00edo<\/p>\n<p>si no hay niebla en el alma.<\/p>\n<p>jc<\/p>\n<p>&nbsp;<\/p>\n<p>Foto: Andrea Medero<\/p>\n<p>&nbsp;<\/p>\n<p>&nbsp;<\/p>\n<p>&nbsp; <\/p>\n","protected":false},"excerpt":{"rendered":"<p>Es invierno. &nbsp; El invierno en Durazno mezcla la niebla gris con el oro de&#8230;<\/p>\n","protected":false},"author":2,"featured_media":24047,"comment_status":"closed","ping_status":"closed","sticky":false,"template":"","format":"standard","meta":{"footnotes":"","jetpack_publicize_message":"{title}\n\n{excerpt}\n\n{url}","jetpack_publicize_feature_enabled":true,"jetpack_social_post_already_shared":true,"jetpack_social_options":{"image_generator_settings":{"template":"fullscreen","default_image_id":0,"font":"","enabled":false},"version":2},"_wpas_customize_per_network":false},"categories":[45,117],"tags":[],"class_list":["post-24046","post","type-post","status-publish","format-standard","has-post-thumbnail","hentry","category-la-foto","category-la-poesia"],"jetpack_publicize_connections":[],"_links":{"self":[{"href":"https:\/\/duraznohoy.com\/index.php?rest_route=\/wp\/v2\/posts\/24046","targetHints":{"allow":["GET"]}}],"collection":[{"href":"https:\/\/duraznohoy.com\/index.php?rest_route=\/wp\/v2\/posts"}],"about":[{"href":"https:\/\/duraznohoy.com\/index.php?rest_route=\/wp\/v2\/types\/post"}],"author":[{"embeddable":true,"href":"https:\/\/duraznohoy.com\/index.php?rest_route=\/wp\/v2\/users\/2"}],"replies":[{"embeddable":true,"href":"https:\/\/duraznohoy.com\/index.php?rest_route=%2Fwp%2Fv2%2Fcomments&post=24046"}],"version-history":[{"count":0,"href":"https:\/\/duraznohoy.com\/index.php?rest_route=\/wp\/v2\/posts\/24046\/revisions"}],"wp:featuredmedia":[{"embeddable":true,"href":"https:\/\/duraznohoy.com\/index.php?rest_route=\/wp\/v2\/media\/24047"}],"wp:attachment":[{"href":"https:\/\/duraznohoy.com\/index.php?rest_route=%2Fwp%2Fv2%2Fmedia&parent=24046"}],"wp:term":[{"taxonomy":"category","embeddable":true,"href":"https:\/\/duraznohoy.com\/index.php?rest_route=%2Fwp%2Fv2%2Fcategories&post=24046"},{"taxonomy":"post_tag","embeddable":true,"href":"https:\/\/duraznohoy.com\/index.php?rest_route=%2Fwp%2Fv2%2Ftags&post=24046"}],"curies":[{"name":"wp","href":"https:\/\/api.w.org\/{rel}","templated":true}]}}