{"id":24670,"date":"2021-07-26T20:47:49","date_gmt":"2021-07-26T23:47:49","guid":{"rendered":"http:\/\/duraznohoy.com\/?p=24670"},"modified":"2021-07-26T20:47:49","modified_gmt":"2021-07-26T23:47:49","slug":"tres-casos-de-covid-19-en-durazno","status":"publish","type":"post","link":"https:\/\/duraznohoy.com\/?p=24670","title":{"rendered":"Tres casos de Covid-19 en Durazno"},"content":{"rendered":"<p><img loading=\"lazy\" decoding=\"async\" src=\"https:\/\/duraznohoy.com\/wp-content\/uploads\/2021\/07\/isologo-Sinae-300x300.png\" alt=\"\" width=\"300\" height=\"300\" class=\"alignnone size-medium wp-image-24648\" srcset=\"https:\/\/duraznohoy.com\/wp-content\/uploads\/2021\/07\/isologo-Sinae-300x300.png 300w, https:\/\/duraznohoy.com\/wp-content\/uploads\/2021\/07\/isologo-Sinae-150x150.png 150w, https:\/\/duraznohoy.com\/wp-content\/uploads\/2021\/07\/isologo-Sinae.png 522w\" sizes=\"auto, (max-width: 300px) 100vw, 300px\" \/><br \/>\nDe acuerdo a la informaci\u00f3n proporcionada por el Ministerio de Salud P\u00fablica (MSP), hoy se llevaron a cabo 7.688 an\u00e1lisis y se detectaron 164 nuevos casos de Coronavirus COVID-19.<br \/>\nDe los 164 nuevos casos, 73 de Montevideo, 21 de Canelones, 9 de Maldonado, 9 de Rivera, 8 de Colonia, 8 de San Jos\u00e9, 6 de Paysand\u00fa, 6 de Salto, 5 de Artigas, 4 de Cerro Largo, 3 de Durazno, 3 de Soriano, 3 de Treinta y Tres, 2 de Florida, 2 de R\u00edo Negro, 1 de Rocha y 1 de Tacuaremb\u00f3.<br \/>\nLa Direcci\u00f3n Departamental de Salud, con datos proporcionados por los prestadores de salud informa que en el d\u00eda de hoy se realizaron 98 test, un paciente se encuentra internado.<br \/>\nCasos positivos en la ciudad de Durazno, Villa del Carmen y Cuchilla del Rinc\u00f3n.<br \/>\nSe reitera a la poblaci\u00f3n mantener las medidas de prevenci\u00f3n recomendadas por las autoridades sanitarias, como as\u00ed tambi\u00e9n concurrir a los centros de vacunaci\u00f3n para inocularse contra el Covid-19. <\/p>\n","protected":false},"excerpt":{"rendered":"<p>De acuerdo a la informaci\u00f3n proporcionada por el Ministerio de Salud P\u00fablica (MSP), hoy se&#8230;<\/p>\n","protected":false},"author":26,"featured_media":24648,"comment_status":"closed","ping_status":"closed","sticky":false,"template":"","format":"standard","meta":{"footnotes":"","jetpack_publicize_message":"{title}\n\n{excerpt}\n\n{url}","jetpack_publicize_feature_enabled":true,"jetpack_social_post_already_shared":true,"jetpack_social_options":{"image_generator_settings":{"template":"fullscreen","default_image_id":0,"font":"","enabled":false},"version":2},"_wpas_customize_per_network":false},"categories":[33],"tags":[],"class_list":["post-24670","post","type-post","status-publish","format-standard","has-post-thumbnail","hentry","category-actualidad"],"jetpack_publicize_connections":[],"_links":{"self":[{"href":"https:\/\/duraznohoy.com\/index.php?rest_route=\/wp\/v2\/posts\/24670","targetHints":{"allow":["GET"]}}],"collection":[{"href":"https:\/\/duraznohoy.com\/index.php?rest_route=\/wp\/v2\/posts"}],"about":[{"href":"https:\/\/duraznohoy.com\/index.php?rest_route=\/wp\/v2\/types\/post"}],"author":[{"embeddable":true,"href":"https:\/\/duraznohoy.com\/index.php?rest_route=\/wp\/v2\/users\/26"}],"replies":[{"embeddable":true,"href":"https:\/\/duraznohoy.com\/index.php?rest_route=%2Fwp%2Fv2%2Fcomments&post=24670"}],"version-history":[{"count":0,"href":"https:\/\/duraznohoy.com\/index.php?rest_route=\/wp\/v2\/posts\/24670\/revisions"}],"wp:featuredmedia":[{"embeddable":true,"href":"https:\/\/duraznohoy.com\/index.php?rest_route=\/wp\/v2\/media\/24648"}],"wp:attachment":[{"href":"https:\/\/duraznohoy.com\/index.php?rest_route=%2Fwp%2Fv2%2Fmedia&parent=24670"}],"wp:term":[{"taxonomy":"category","embeddable":true,"href":"https:\/\/duraznohoy.com\/index.php?rest_route=%2Fwp%2Fv2%2Fcategories&post=24670"},{"taxonomy":"post_tag","embeddable":true,"href":"https:\/\/duraznohoy.com\/index.php?rest_route=%2Fwp%2Fv2%2Ftags&post=24670"}],"curies":[{"name":"wp","href":"https:\/\/api.w.org\/{rel}","templated":true}]}}