{"id":24673,"date":"2021-07-26T20:52:56","date_gmt":"2021-07-26T23:52:56","guid":{"rendered":"http:\/\/duraznohoy.com\/?p=24673"},"modified":"2021-07-26T20:52:56","modified_gmt":"2021-07-26T23:52:56","slug":"obras-en-el-casco-historico","status":"publish","type":"post","link":"https:\/\/duraznohoy.com\/?p=24673","title":{"rendered":"Obras en el casco hist\u00f3rico"},"content":{"rendered":"<p><img loading=\"lazy\" decoding=\"async\" src=\"https:\/\/duraznohoy.com\/wp-content\/uploads\/2021\/07\/SAVE_20210726_204836-300x199.jpg\" alt=\"\" width=\"300\" height=\"199\" class=\"alignnone size-medium wp-image-24674\" srcset=\"https:\/\/duraznohoy.com\/wp-content\/uploads\/2021\/07\/SAVE_20210726_204836-300x199.jpg 300w, https:\/\/duraznohoy.com\/wp-content\/uploads\/2021\/07\/SAVE_20210726_204836-1024x678.jpg 1024w, https:\/\/duraznohoy.com\/wp-content\/uploads\/2021\/07\/SAVE_20210726_204836-768x508.jpg 768w, https:\/\/duraznohoy.com\/wp-content\/uploads\/2021\/07\/SAVE_20210726_204836-1536x1017.jpg 1536w, https:\/\/duraznohoy.com\/wp-content\/uploads\/2021\/07\/SAVE_20210726_204836.jpg 1600w\" sizes=\"auto, (max-width: 300px) 100vw, 300px\" \/><br \/>\nLa Intendencia comenzar\u00e1 la intervenci\u00f3n en veredas y calles ubicadas en la zona del casco hist\u00f3rico de la ciudad de Durazno, en el marco de los preparativos para los festejos del Bicentenario.<br \/>\nPor eso las aceras y v\u00edas de tr\u00e1nsito circundantes a la manzana n\u00famero 1, plaza Independencia, ser\u00e1n objeto de obras con el fin de mejorar y visualizar el entorno.<br \/>\nEllo requerir\u00e1 del corte de tr\u00e1nsito en las calles en las que se habr\u00e1 de trabajar, comenzando por las cuadras de calles Jos\u00e9 Batlle y Ordo\u00f1ez, entre Manuel Oribe y Eusebio P\u00edriz. <\/p>\n","protected":false},"excerpt":{"rendered":"<p>La Intendencia comenzar\u00e1 la intervenci\u00f3n en veredas y calles ubicadas en la zona del casco&#8230;<\/p>\n","protected":false},"author":26,"featured_media":24674,"comment_status":"closed","ping_status":"closed","sticky":false,"template":"","format":"standard","meta":{"footnotes":"","jetpack_publicize_message":"{title}\n\n{excerpt}\n\n{url}","jetpack_publicize_feature_enabled":true,"jetpack_social_post_already_shared":true,"jetpack_social_options":{"image_generator_settings":{"template":"fullscreen","default_image_id":0,"font":"","enabled":false},"version":2},"_wpas_customize_per_network":false},"categories":[33],"tags":[],"class_list":["post-24673","post","type-post","status-publish","format-standard","has-post-thumbnail","hentry","category-actualidad"],"jetpack_publicize_connections":[],"_links":{"self":[{"href":"https:\/\/duraznohoy.com\/index.php?rest_route=\/wp\/v2\/posts\/24673","targetHints":{"allow":["GET"]}}],"collection":[{"href":"https:\/\/duraznohoy.com\/index.php?rest_route=\/wp\/v2\/posts"}],"about":[{"href":"https:\/\/duraznohoy.com\/index.php?rest_route=\/wp\/v2\/types\/post"}],"author":[{"embeddable":true,"href":"https:\/\/duraznohoy.com\/index.php?rest_route=\/wp\/v2\/users\/26"}],"replies":[{"embeddable":true,"href":"https:\/\/duraznohoy.com\/index.php?rest_route=%2Fwp%2Fv2%2Fcomments&post=24673"}],"version-history":[{"count":0,"href":"https:\/\/duraznohoy.com\/index.php?rest_route=\/wp\/v2\/posts\/24673\/revisions"}],"wp:featuredmedia":[{"embeddable":true,"href":"https:\/\/duraznohoy.com\/index.php?rest_route=\/wp\/v2\/media\/24674"}],"wp:attachment":[{"href":"https:\/\/duraznohoy.com\/index.php?rest_route=%2Fwp%2Fv2%2Fmedia&parent=24673"}],"wp:term":[{"taxonomy":"category","embeddable":true,"href":"https:\/\/duraznohoy.com\/index.php?rest_route=%2Fwp%2Fv2%2Fcategories&post=24673"},{"taxonomy":"post_tag","embeddable":true,"href":"https:\/\/duraznohoy.com\/index.php?rest_route=%2Fwp%2Fv2%2Ftags&post=24673"}],"curies":[{"name":"wp","href":"https:\/\/api.w.org\/{rel}","templated":true}]}}