{"id":24765,"date":"2021-08-01T20:41:03","date_gmt":"2021-08-01T23:41:03","guid":{"rendered":"http:\/\/duraznohoy.com\/?p=24765"},"modified":"2021-08-01T21:07:25","modified_gmt":"2021-08-02T00:07:25","slug":"el-artigas-s-lucio-en-san-jose","status":"publish","type":"post","link":"https:\/\/duraznohoy.com\/?p=24765","title":{"rendered":"El Artigas se luci\u00f3 en San Jos\u00e9."},"content":{"rendered":"<h3>Una excelente actuaci\u00f3n tuvo en San Jos\u00e9 el Club Ciclista Artigas de nuestra ciudad.<\/h3>\n<p>En la capital maragata, se llev\u00f3 a cabo el campeonato de ciclismo denominado \u201cInvierno\u201d.<\/p>\n<p>Federico Clara y Federico Costa representaron al pedal duraznense, y corriendo por Artigas, obtuvieron muy buena clasificaci\u00f3n.<\/p>\n<p>Clara finaliz\u00f3 en el segundo lugar y Costa lo hizo en el lugar N\u00ba 15.<\/p>\n<p>&nbsp;<\/p>\n<p><strong><em>Fuente: Ganadores 960<\/em><\/strong> <\/p>\n","protected":false},"excerpt":{"rendered":"<p>Una excelente actuaci\u00f3n tuvo en San Jos\u00e9 el Club Ciclista Artigas de nuestra ciudad. En&#8230;<\/p>\n","protected":false},"author":2,"featured_media":24766,"comment_status":"closed","ping_status":"closed","sticky":false,"template":"","format":"standard","meta":{"footnotes":"","jetpack_publicize_message":"{title}\n\n{excerpt}\n\n{url}","jetpack_publicize_feature_enabled":true,"jetpack_social_post_already_shared":true,"jetpack_social_options":{"image_generator_settings":{"template":"fullscreen","default_image_id":0,"font":"","enabled":false},"version":2},"_wpas_customize_per_network":false},"categories":[120],"tags":[],"class_list":["post-24765","post","type-post","status-publish","format-standard","has-post-thumbnail","hentry","category-ciclismo"],"jetpack_publicize_connections":[],"_links":{"self":[{"href":"https:\/\/duraznohoy.com\/index.php?rest_route=\/wp\/v2\/posts\/24765","targetHints":{"allow":["GET"]}}],"collection":[{"href":"https:\/\/duraznohoy.com\/index.php?rest_route=\/wp\/v2\/posts"}],"about":[{"href":"https:\/\/duraznohoy.com\/index.php?rest_route=\/wp\/v2\/types\/post"}],"author":[{"embeddable":true,"href":"https:\/\/duraznohoy.com\/index.php?rest_route=\/wp\/v2\/users\/2"}],"replies":[{"embeddable":true,"href":"https:\/\/duraznohoy.com\/index.php?rest_route=%2Fwp%2Fv2%2Fcomments&post=24765"}],"version-history":[{"count":0,"href":"https:\/\/duraznohoy.com\/index.php?rest_route=\/wp\/v2\/posts\/24765\/revisions"}],"wp:featuredmedia":[{"embeddable":true,"href":"https:\/\/duraznohoy.com\/index.php?rest_route=\/wp\/v2\/media\/24766"}],"wp:attachment":[{"href":"https:\/\/duraznohoy.com\/index.php?rest_route=%2Fwp%2Fv2%2Fmedia&parent=24765"}],"wp:term":[{"taxonomy":"category","embeddable":true,"href":"https:\/\/duraznohoy.com\/index.php?rest_route=%2Fwp%2Fv2%2Fcategories&post=24765"},{"taxonomy":"post_tag","embeddable":true,"href":"https:\/\/duraznohoy.com\/index.php?rest_route=%2Fwp%2Fv2%2Ftags&post=24765"}],"curies":[{"name":"wp","href":"https:\/\/api.w.org\/{rel}","templated":true}]}}