{"id":24772,"date":"2021-08-02T08:34:53","date_gmt":"2021-08-02T11:34:53","guid":{"rendered":"http:\/\/duraznohoy.com\/?p=24772"},"modified":"2021-08-02T08:58:41","modified_gmt":"2021-08-02T11:58:41","slug":"dr-emilio-penza-berlingieri","status":"publish","type":"post","link":"https:\/\/duraznohoy.com\/?p=24772","title":{"rendered":"\u00a0Dr. Emilio Penza Berlingieri"},"content":{"rendered":"<h3><img loading=\"lazy\" decoding=\"async\" class=\" wp-image-24780 alignright\" src=\"https:\/\/duraznohoy.com\/wp-content\/uploads\/2021\/08\/DR.PENZA-2-1-300x337.jpg\" alt=\"\" width=\"243\" height=\"273\" srcset=\"https:\/\/duraznohoy.com\/wp-content\/uploads\/2021\/08\/DR.PENZA-2-1-300x337.jpg 300w, https:\/\/duraznohoy.com\/wp-content\/uploads\/2021\/08\/DR.PENZA-2-1.jpg 517w\" sizes=\"auto, (max-width: 243px) 100vw, 243px\" \/>Naci\u00f3 en Durazno un 21 de mayo de 1872.<\/h3>\n<p>El recordado Orlando Aldama en una conferencia que dictara en el Teatro Espa\u00f1ol a fines de la d\u00e9cada del 70 dec\u00eda algo que entonces y ahora compartimos: <em><strong>\u201cPara algunos, sobre todo los integrantes de las nuevas generaciones, Penza es un nombre de nuestro nomencl\u00e1tor\u201d y quiz\u00e1s no todos sepan que es \u201cun nombre que ha llegado a ese puesto de honor, por haber sido, un antiguo y respetado vecino de Durazno, un m\u00e9dico correcto y capaz, querido por sus coterr\u00e1neos, un creador<\/strong> <\/em>de hospitales, un se\u00f1or de destaque en nuestro ambiente social\u201d. La vida y obra del Dr. Emilio Penza es digna de conocerse, ante un nuevo aniversario de su nacimiento, para que su ejemplo no se pierda en el tiempo y su nombre no sea s\u00f3lo el nombre de una calle, o del hospital o de una escuela, dedicamos a \u00e9l esta breve semblanza. Hablar de Penza, ser\u00e1 siempre hablar de Durazno, porque ayer como hoy, en su tiempo o en el nuestro, ser\u00e1 siempre el Hombre, el M\u00e9dico, el M\u00fasico \u00f3 el vecino inolvidable.<\/p>\n<p>A instancias de su t\u00edo, llamado igual que \u00e9l, estudi\u00f3 medicina<\/p>\n<h3><img loading=\"lazy\" decoding=\"async\" class=\"wp-image-24775 alignright\" src=\"https:\/\/duraznohoy.com\/wp-content\/uploads\/2021\/08\/hotel-rsc-300x167.jpg\" alt=\"\" width=\"254\" height=\"142\" srcset=\"https:\/\/duraznohoy.com\/wp-content\/uploads\/2021\/08\/hotel-rsc-300x167.jpg 300w, https:\/\/duraznohoy.com\/wp-content\/uploads\/2021\/08\/hotel-rsc-1024x571.jpg 1024w, https:\/\/duraznohoy.com\/wp-content\/uploads\/2021\/08\/hotel-rsc-768x429.jpg 768w, https:\/\/duraznohoy.com\/wp-content\/uploads\/2021\/08\/hotel-rsc-1536x857.jpg 1536w, https:\/\/duraznohoy.com\/wp-content\/uploads\/2021\/08\/hotel-rsc.jpg 1604w\" sizes=\"auto, (max-width: 254px) 100vw, 254px\" \/><\/h3>\n<p>en Italia y regresa a su terru\u00f1o, nuestro Durazno, al iniciarse el siglo XX alcanzando desde su arribo una destacada popularidad por su saber y generosidad. Apreciado y reconocido por la sociedad en la que le correspondi\u00f3 vivir, particip\u00f3 en m\u00faltiples comisiones y cargos importantes durante toda su existencia. Fue presidente de la Junta Econ\u00f3mico Administrativa, Presidente del Club Uruguay, Director del Hospital, Presidente de la Sociedad M\u00e9dico Quir\u00fargica del Centro e integrante del Ateneo de Durazno. Vivi\u00f3 siempre dando de s\u00ed, participando en toda obra de progreso, impuls\u00f3 el ornato arb\u00f3reo de nuestra ciudad. Su parque, \u201cEl Recreo\u201d y los \u00e1rboles del antiguo hospital fueron parte de su obra en ese sentido.<\/p>\n<p>Este hijo ilustre de Durazno, hab\u00eda nacido un 21 de mayo de 1872, era hijo de Don Oreste Penza Spinelli y de D\u00f1a. Antonia Berlingieri. Muri\u00f3 en Durazno el 1\u00ba de setiembre de 1960.<\/p>\n<p>Su hombr\u00eda de bien, su saber, su altruismo, su humanismo, su solidaridad, su compromiso y generosa entrega a los dem\u00e1s, lo mantienen a\u00fan como un ejemplo a imitar.<\/p>\n<p><img loading=\"lazy\" decoding=\"async\" class=\"alignnone  wp-image-24777\" src=\"https:\/\/duraznohoy.com\/wp-content\/uploads\/2021\/08\/radio-yi-una-300x135.jpg\" alt=\"\" width=\"180\" height=\"81\" srcset=\"https:\/\/duraznohoy.com\/wp-content\/uploads\/2021\/08\/radio-yi-una-300x135.jpg 300w, https:\/\/duraznohoy.com\/wp-content\/uploads\/2021\/08\/radio-yi-una-768x346.jpg 768w, https:\/\/duraznohoy.com\/wp-content\/uploads\/2021\/08\/radio-yi-una.jpg 960w\" sizes=\"auto, (max-width: 180px) 100vw, 180px\" \/>\u00a0 \u00a0 \u00a0 \u00a0 \u00a0 \u00a0 <img loading=\"lazy\" decoding=\"async\" class=\"alignnone  wp-image-24778\" src=\"https:\/\/duraznohoy.com\/wp-content\/uploads\/2021\/08\/ZebraCanal6-ok-300x93.jpg\" alt=\"\" width=\"180\" height=\"56\" srcset=\"https:\/\/duraznohoy.com\/wp-content\/uploads\/2021\/08\/ZebraCanal6-ok-300x93.jpg 300w, https:\/\/duraznohoy.com\/wp-content\/uploads\/2021\/08\/ZebraCanal6-ok.jpg 496w\" sizes=\"auto, (max-width: 180px) 100vw, 180px\" \/><\/p>\n<h3><\/h3>\n","protected":false},"excerpt":{"rendered":"<p>Naci\u00f3 en Durazno un 21 de mayo de 1872. El recordado Orlando Aldama en una&#8230;<\/p>\n","protected":false},"author":2,"featured_media":24773,"comment_status":"closed","ping_status":"closed","sticky":false,"template":"","format":"standard","meta":{"footnotes":"","jetpack_publicize_message":"{title}\n\n{excerpt}\n\n{url}","jetpack_publicize_feature_enabled":true,"jetpack_social_post_already_shared":true,"jetpack_social_options":{"image_generator_settings":{"template":"fullscreen","default_image_id":0,"font":"","enabled":false},"version":2},"_wpas_customize_per_network":false},"categories":[121],"tags":[],"class_list":["post-24772","post","type-post","status-publish","format-standard","has-post-thumbnail","hentry","category-perfiles-2"],"jetpack_publicize_connections":[],"_links":{"self":[{"href":"https:\/\/duraznohoy.com\/index.php?rest_route=\/wp\/v2\/posts\/24772","targetHints":{"allow":["GET"]}}],"collection":[{"href":"https:\/\/duraznohoy.com\/index.php?rest_route=\/wp\/v2\/posts"}],"about":[{"href":"https:\/\/duraznohoy.com\/index.php?rest_route=\/wp\/v2\/types\/post"}],"author":[{"embeddable":true,"href":"https:\/\/duraznohoy.com\/index.php?rest_route=\/wp\/v2\/users\/2"}],"replies":[{"embeddable":true,"href":"https:\/\/duraznohoy.com\/index.php?rest_route=%2Fwp%2Fv2%2Fcomments&post=24772"}],"version-history":[{"count":0,"href":"https:\/\/duraznohoy.com\/index.php?rest_route=\/wp\/v2\/posts\/24772\/revisions"}],"wp:featuredmedia":[{"embeddable":true,"href":"https:\/\/duraznohoy.com\/index.php?rest_route=\/wp\/v2\/media\/24773"}],"wp:attachment":[{"href":"https:\/\/duraznohoy.com\/index.php?rest_route=%2Fwp%2Fv2%2Fmedia&parent=24772"}],"wp:term":[{"taxonomy":"category","embeddable":true,"href":"https:\/\/duraznohoy.com\/index.php?rest_route=%2Fwp%2Fv2%2Fcategories&post=24772"},{"taxonomy":"post_tag","embeddable":true,"href":"https:\/\/duraznohoy.com\/index.php?rest_route=%2Fwp%2Fv2%2Ftags&post=24772"}],"curies":[{"name":"wp","href":"https:\/\/api.w.org\/{rel}","templated":true}]}}