{"id":24783,"date":"2021-08-02T11:56:51","date_gmt":"2021-08-02T14:56:51","guid":{"rendered":"http:\/\/duraznohoy.com\/?p=24783"},"modified":"2021-08-02T11:56:51","modified_gmt":"2021-08-02T14:56:51","slug":"durazno-emprende","status":"publish","type":"post","link":"https:\/\/duraznohoy.com\/?p=24783","title":{"rendered":"Durazno emprende"},"content":{"rendered":"<p><img loading=\"lazy\" decoding=\"async\" src=\"https:\/\/duraznohoy.com\/wp-content\/uploads\/2021\/08\/SAVE_20210802_113702-300x225.jpg\" alt=\"\" width=\"300\" height=\"225\" class=\"alignnone size-medium wp-image-24784\" srcset=\"https:\/\/duraznohoy.com\/wp-content\/uploads\/2021\/08\/SAVE_20210802_113702-300x225.jpg 300w, https:\/\/duraznohoy.com\/wp-content\/uploads\/2021\/08\/SAVE_20210802_113702-1024x768.jpg 1024w, https:\/\/duraznohoy.com\/wp-content\/uploads\/2021\/08\/SAVE_20210802_113702-768x576.jpg 768w, https:\/\/duraznohoy.com\/wp-content\/uploads\/2021\/08\/SAVE_20210802_113702-1536x1152.jpg 1536w, https:\/\/duraznohoy.com\/wp-content\/uploads\/2021\/08\/SAVE_20210802_113702.jpg 2048w\" sizes=\"auto, (max-width: 300px) 100vw, 300px\" \/><br \/>\nDio comienzo el proyecto impulsado por la Intendencia de Durazno, a trav\u00e9s del Departamento de Desarrollo, Oficina de Turismo y Durazno Integra y como socio de la actividad, la participaci\u00f3n de la Asociaci\u00f3n de Emprendedores Redex Uruguay.<br \/>\nRedex fue la encargada de brindar un taller en la localidad de Blanquillo donde participaron mujeres emprendedoras locales, adem\u00e1s de La Paloma, Puntas de Herrera y Cuchilla Ramirez en los rubros de tejido, textil, mermeladas, huerta, cer\u00e1mica y artesan\u00edas varias.<br \/>\nLa capacitaci\u00f3n const\u00f3 de tres etapas, en primera instancia la importancia de trabajar en grupos y sentirse acompa\u00f1adas en el camino de emprender, la segunda -y base de la charla- fue sobre c\u00f3mo elaborar un plan de comunicaci\u00f3n que abarque diferentes aspectos, desde la presentaci\u00f3n en p\u00fablico hasta el contenido en redes sociales pasando por la comunicaci\u00f3n interna y la importancia de la planificaci\u00f3n y elaboraci\u00f3n de un presupuesto para el marketing.<br \/>\nLa tercera parte const\u00f3 de tips para armar un stand de feria, considerando que estas emprendedoras tendr\u00e1n la posibilidad de participar en instancias de este tipo en los pr\u00f3ximos meses, tambi\u00e9n en el marco del proyecto \u201cDurazno Emprende\u201d.<br \/>\nTodas las participantes quedan en contacto con el proyecto de forma permanente de manera que el apoyo no termine solo en los talleres sino que habr\u00e1 un seguimiento y un acompa\u00f1amiento en la medida que as\u00ed lo necesiten.<br \/>\nEn agosto habr\u00e1 m\u00e1s instancias de capacitaci\u00f3n que se dar\u00e1n a conocer en los pr\u00f3ximos d\u00edas.<br \/>\nSe inicia as\u00ed una etapa que pretende la mayor integraci\u00f3n de emprendedores del departamento y as\u00ed potenciar la producci\u00f3n local bajo una marca departamental que permita colocar a Durazno en un lugar de privilegio a nivel pa\u00eds y tamb\u00eden desarrollar el turismo a partir del conocimiento conjunto entre los emprendedores de lo que son las diferentes zonas destacadas que tenemos en todo el departamento.<br \/>\nRecordamos que este proyecto se enmarca en los acuerdos generados en el marco del Congreso Nacional de Intendentes a trav\u00e9s de su proyecto \u201cFortalecimiento de la Descentralizaci\u00f3n Pol\u00edtica y el Desarrollo Territorial con Equidad\u201d, cofinanciado por la Uni\u00f3n Europea y la Agencia Nacional de Desarrollo. <\/p>\n","protected":false},"excerpt":{"rendered":"<p>Dio comienzo el proyecto impulsado por la Intendencia de Durazno, a trav\u00e9s del Departamento de&#8230;<\/p>\n","protected":false},"author":26,"featured_media":24784,"comment_status":"closed","ping_status":"closed","sticky":false,"template":"","format":"standard","meta":{"footnotes":"","jetpack_publicize_message":"{title}\n\n{excerpt}\n\n{url}","jetpack_publicize_feature_enabled":true,"jetpack_social_post_already_shared":true,"jetpack_social_options":{"image_generator_settings":{"template":"fullscreen","default_image_id":0,"font":"","enabled":false},"version":2},"_wpas_customize_per_network":false},"categories":[33],"tags":[],"class_list":["post-24783","post","type-post","status-publish","format-standard","has-post-thumbnail","hentry","category-actualidad"],"jetpack_publicize_connections":[],"_links":{"self":[{"href":"https:\/\/duraznohoy.com\/index.php?rest_route=\/wp\/v2\/posts\/24783","targetHints":{"allow":["GET"]}}],"collection":[{"href":"https:\/\/duraznohoy.com\/index.php?rest_route=\/wp\/v2\/posts"}],"about":[{"href":"https:\/\/duraznohoy.com\/index.php?rest_route=\/wp\/v2\/types\/post"}],"author":[{"embeddable":true,"href":"https:\/\/duraznohoy.com\/index.php?rest_route=\/wp\/v2\/users\/26"}],"replies":[{"embeddable":true,"href":"https:\/\/duraznohoy.com\/index.php?rest_route=%2Fwp%2Fv2%2Fcomments&post=24783"}],"version-history":[{"count":0,"href":"https:\/\/duraznohoy.com\/index.php?rest_route=\/wp\/v2\/posts\/24783\/revisions"}],"wp:featuredmedia":[{"embeddable":true,"href":"https:\/\/duraznohoy.com\/index.php?rest_route=\/wp\/v2\/media\/24784"}],"wp:attachment":[{"href":"https:\/\/duraznohoy.com\/index.php?rest_route=%2Fwp%2Fv2%2Fmedia&parent=24783"}],"wp:term":[{"taxonomy":"category","embeddable":true,"href":"https:\/\/duraznohoy.com\/index.php?rest_route=%2Fwp%2Fv2%2Fcategories&post=24783"},{"taxonomy":"post_tag","embeddable":true,"href":"https:\/\/duraznohoy.com\/index.php?rest_route=%2Fwp%2Fv2%2Ftags&post=24783"}],"curies":[{"name":"wp","href":"https:\/\/api.w.org\/{rel}","templated":true}]}}