{"id":24786,"date":"2021-08-02T21:12:21","date_gmt":"2021-08-03T00:12:21","guid":{"rendered":"http:\/\/duraznohoy.com\/?p=24786"},"modified":"2021-08-02T21:12:21","modified_gmt":"2021-08-03T00:12:21","slug":"un-nuevo-caso-de-covid-hoy-en-durazno","status":"publish","type":"post","link":"https:\/\/duraznohoy.com\/?p=24786","title":{"rendered":"Un nuevo caso de Covid hoy en Durazno"},"content":{"rendered":"<p><img loading=\"lazy\" decoding=\"async\" src=\"https:\/\/duraznohoy.com\/wp-content\/uploads\/2021\/08\/SAVE_20210802_210655-300x650.jpg\" alt=\"\" width=\"300\" height=\"650\" class=\"alignnone size-medium wp-image-24787\" srcset=\"https:\/\/duraznohoy.com\/wp-content\/uploads\/2021\/08\/SAVE_20210802_210655-300x650.jpg 300w, https:\/\/duraznohoy.com\/wp-content\/uploads\/2021\/08\/SAVE_20210802_210655-473x1024.jpg 473w, https:\/\/duraznohoy.com\/wp-content\/uploads\/2021\/08\/SAVE_20210802_210655-709x1536.jpg 709w, https:\/\/duraznohoy.com\/wp-content\/uploads\/2021\/08\/SAVE_20210802_210655.jpg 720w\" sizes=\"auto, (max-width: 300px) 100vw, 300px\" \/><br \/>\n02 de agosto de 2021<\/p>\n<p>Comunicado del Comit\u00e9 Departamental de Emergencias<\/p>\n<p>Con datos proporcionados por el Ministerio de Salud P\u00fablica y el Sistema Nacional de Emergencias,  Se confirm\u00f3 un caso positivo de Covid-19 en el departamento de Durazno.<br \/>\nActualmente Seis personas cursan la infecci\u00f3n y el departamento de Durazno se encuentra en color verde del \u00edndice de Harvard.<br \/>\nLa Direcci\u00f3n Departamental de Salud, con datos proporcionados por los prestadores de salud informa que en el d\u00eda de hoy se realizaron 78 test, ning\u00fan paciente se encuentra internado.<br \/>\nCasos positivos en la ciudad de Durazno, Cerro Chato y Cuchilla del Rinc\u00f3n.<br \/>\nSe reitera a la poblaci\u00f3n mantener las medidas de prevenci\u00f3n recomendadas por las autoridades sanitarias, como as\u00ed tambi\u00e9n concurrir a los centros de vacunaci\u00f3n para inocularse contra el Covid-19. <\/p>\n","protected":false},"excerpt":{"rendered":"<p>02 de agosto de 2021 Comunicado del Comit\u00e9 Departamental de Emergencias Con datos proporcionados por&#8230;<\/p>\n","protected":false},"author":26,"featured_media":24787,"comment_status":"closed","ping_status":"closed","sticky":false,"template":"","format":"standard","meta":{"footnotes":"","jetpack_publicize_message":"{title}\n\n{excerpt}\n\n{url}","jetpack_publicize_feature_enabled":true,"jetpack_social_post_already_shared":true,"jetpack_social_options":{"image_generator_settings":{"template":"fullscreen","default_image_id":0,"font":"","enabled":false},"version":2},"_wpas_customize_per_network":false},"categories":[33],"tags":[],"class_list":["post-24786","post","type-post","status-publish","format-standard","has-post-thumbnail","hentry","category-actualidad"],"jetpack_publicize_connections":[],"_links":{"self":[{"href":"https:\/\/duraznohoy.com\/index.php?rest_route=\/wp\/v2\/posts\/24786","targetHints":{"allow":["GET"]}}],"collection":[{"href":"https:\/\/duraznohoy.com\/index.php?rest_route=\/wp\/v2\/posts"}],"about":[{"href":"https:\/\/duraznohoy.com\/index.php?rest_route=\/wp\/v2\/types\/post"}],"author":[{"embeddable":true,"href":"https:\/\/duraznohoy.com\/index.php?rest_route=\/wp\/v2\/users\/26"}],"replies":[{"embeddable":true,"href":"https:\/\/duraznohoy.com\/index.php?rest_route=%2Fwp%2Fv2%2Fcomments&post=24786"}],"version-history":[{"count":0,"href":"https:\/\/duraznohoy.com\/index.php?rest_route=\/wp\/v2\/posts\/24786\/revisions"}],"wp:featuredmedia":[{"embeddable":true,"href":"https:\/\/duraznohoy.com\/index.php?rest_route=\/wp\/v2\/media\/24787"}],"wp:attachment":[{"href":"https:\/\/duraznohoy.com\/index.php?rest_route=%2Fwp%2Fv2%2Fmedia&parent=24786"}],"wp:term":[{"taxonomy":"category","embeddable":true,"href":"https:\/\/duraznohoy.com\/index.php?rest_route=%2Fwp%2Fv2%2Fcategories&post=24786"},{"taxonomy":"post_tag","embeddable":true,"href":"https:\/\/duraznohoy.com\/index.php?rest_route=%2Fwp%2Fv2%2Ftags&post=24786"}],"curies":[{"name":"wp","href":"https:\/\/api.w.org\/{rel}","templated":true}]}}