{"id":25112,"date":"2021-08-17T22:19:17","date_gmt":"2021-08-18T01:19:17","guid":{"rendered":"http:\/\/duraznohoy.com\/?p=25112"},"modified":"2021-08-17T22:19:17","modified_gmt":"2021-08-18T01:19:17","slug":"medicos-de-canelones-durazno-san-jose-florida-y-flores-se-desmarcan-de-actual-conduccion-del-colegio-medico-y-proponen-redefinir-su-rol","status":"publish","type":"post","link":"https:\/\/duraznohoy.com\/?p=25112","title":{"rendered":"M\u00e9dicos de Canelones, Durazno, San Jos\u00e9, Florida y Flores se desmarcan de actual conducci\u00f3n del Colegio M\u00e9dico y proponen redefinir su rol."},"content":{"rendered":"<p><strong>Con 10 circuitos habilitados, Canelones, Durazno, Flores, Florida y San Jos\u00e9 conforman la Regional Sur del Colegio y van por una propuesta de cercan\u00eda y accesibilidad local.<\/strong><\/p>\n<p>La Lista S3 para las pr\u00f3ximas elecciones del Colegio M\u00e9dico propone como integrantes de la Regional Sur a los doctores <strong>Carlos Ant\u00fanez, Carlos C\u00f3rdoba, Rafael Avero, Carlos Antonio Souza y Sebasti\u00e1n Pereda. <\/strong><\/p>\n<p>Estos profesionales representan a la LISTA 3, que entiende al Colegio M\u00e9dico como el garante ante la sociedad de que la profesi\u00f3n m\u00e9dica se practique dentro de l\u00edmites bien definidos de \u00e9tica, con una fuerte apuesta a revalorizar la labor del m\u00e9dico en el norte del pa\u00eds, insistiendo en que es necesario acciones urgentes que apunten a mejorar la relaci\u00f3n m\u00e9dico-paciente y reivindicando la necesidad de un inminente cambio y una nueva Ley de Colegiaci\u00f3n.<\/p>\n<p><strong>La Federaci\u00f3n M\u00e9dica del Interior (FEMI),<\/strong> SAQ y la agrupaci\u00f3n Gremialismo Aut\u00e9ntico se aliaron para apoyar estas candidaturas de cara a las elecciones del Colegio M\u00e9dico del Uruguay del pr\u00f3ximo 27 de agosto.<\/p>\n<p>En lo nacional, la Lista 3 propone a la Dr. Oscar Cluzet en el primer lugar al Consejo Nacional, acompa\u00f1ado por un grupo de destacados profesionales cada uno en su disciplina. Cluzet es M\u00e9dico Cirujano, M\u00e9dico Intensivista, M\u00e9dico Emergent\u00f3logo, magister en Bio\u00e9tica y Miembro Titular de la Academia Nacional de Medicina. Cuenta con alta trayectoria reconocida por las distintas sociedades cient\u00edficas, la sociedad y sus pares.<\/p>\n<p>La mencionada lista conjunta, que se presentar\u00e1 en todas las regiones del pa\u00eds, est\u00e1 conformada por m\u00e9dicos de probada capacidad que han manifestado su compromiso y convencimiento de que el Colegio M\u00e9dico es una super estructura que involucra a todo el colectivo m\u00e9dico de nuestro pa\u00eds independientemente de gremiales o colores pol\u00edtico-partidarios.<\/p>\n<p><strong><em>\u201cTenemos que lograr que los colegas perciban la utilidad del Colegio M\u00e9dico en ejercicio diario de su profesi\u00f3n, y para lograr que lo perciban tenemos que hacer cosas verdaderamente \u00fatiles para ellos\u201d,<\/em><\/strong> coment\u00f3 el Dr. Carlos Ant\u00fanez. <\/p>\n","protected":false},"excerpt":{"rendered":"<p>Con 10 circuitos habilitados, Canelones, Durazno, Flores, Florida y San Jos\u00e9 conforman la Regional Sur&#8230;<\/p>\n","protected":false},"author":2,"featured_media":25113,"comment_status":"closed","ping_status":"closed","sticky":false,"template":"","format":"standard","meta":{"footnotes":"","jetpack_publicize_message":"{title}\n\n{excerpt}\n\n{url}","jetpack_publicize_feature_enabled":true,"jetpack_social_post_already_shared":true,"jetpack_social_options":{"image_generator_settings":{"template":"fullscreen","default_image_id":0,"font":"","enabled":false},"version":2},"_wpas_customize_per_network":false},"categories":[33],"tags":[],"class_list":["post-25112","post","type-post","status-publish","format-standard","has-post-thumbnail","hentry","category-actualidad"],"jetpack_publicize_connections":[],"_links":{"self":[{"href":"https:\/\/duraznohoy.com\/index.php?rest_route=\/wp\/v2\/posts\/25112","targetHints":{"allow":["GET"]}}],"collection":[{"href":"https:\/\/duraznohoy.com\/index.php?rest_route=\/wp\/v2\/posts"}],"about":[{"href":"https:\/\/duraznohoy.com\/index.php?rest_route=\/wp\/v2\/types\/post"}],"author":[{"embeddable":true,"href":"https:\/\/duraznohoy.com\/index.php?rest_route=\/wp\/v2\/users\/2"}],"replies":[{"embeddable":true,"href":"https:\/\/duraznohoy.com\/index.php?rest_route=%2Fwp%2Fv2%2Fcomments&post=25112"}],"version-history":[{"count":0,"href":"https:\/\/duraznohoy.com\/index.php?rest_route=\/wp\/v2\/posts\/25112\/revisions"}],"wp:featuredmedia":[{"embeddable":true,"href":"https:\/\/duraznohoy.com\/index.php?rest_route=\/wp\/v2\/media\/25113"}],"wp:attachment":[{"href":"https:\/\/duraznohoy.com\/index.php?rest_route=%2Fwp%2Fv2%2Fmedia&parent=25112"}],"wp:term":[{"taxonomy":"category","embeddable":true,"href":"https:\/\/duraznohoy.com\/index.php?rest_route=%2Fwp%2Fv2%2Fcategories&post=25112"},{"taxonomy":"post_tag","embeddable":true,"href":"https:\/\/duraznohoy.com\/index.php?rest_route=%2Fwp%2Fv2%2Ftags&post=25112"}],"curies":[{"name":"wp","href":"https:\/\/api.w.org\/{rel}","templated":true}]}}