{"id":25115,"date":"2021-08-17T23:09:15","date_gmt":"2021-08-18T02:09:15","guid":{"rendered":"http:\/\/duraznohoy.com\/?p=25115"},"modified":"2021-08-17T23:09:15","modified_gmt":"2021-08-18T02:09:15","slug":"convocatoria-abierta-a-organizaciones-sociales-de-jovenes","status":"publish","type":"post","link":"https:\/\/duraznohoy.com\/?p=25115","title":{"rendered":"Convocatoria abierta a organizaciones sociales de j\u00f3venes\u00a0."},"content":{"rendered":"<h3 style=\"text-align: right;\"><strong><span style=\"font-style: inherit; font-weight: inherit;\">Juventudes Protagonistas<\/span><span style=\"font-style: inherit; font-weight: inherit;\">\u00a0<\/span><\/strong><\/h3>\n<p>A 30 a\u00f1os de la creaci\u00f3n del INJU proponemos la creaci\u00f3n de un espacio de di\u00e1logo entre las organizaciones sociales, los j\u00f3venes y las instituciones del Estado, para la b\u00fasqueda de estrategias que generen oportunidades para los j\u00f3venes. As\u00ed surge esta plataforma que apunta a la participaci\u00f3n juvenil ciudadana y que llevar\u00e1 la voz de j\u00f3venes de todo el pa\u00eds hacia una mesa de di\u00e1logo nacional.<\/p>\n<p><span style=\"font-style: inherit; font-weight: inherit;\">Se convocar\u00e1 a las organizaciones juveniles locales para trabajar en cinco\u00a0grupos o mesas de trabajo priorizadas con la perspectiva de la localidad.\u00a0<\/span><br \/>\nEl objetivo de cada cap\u00edtulo es conformar un documento con la perspectiva local que ser\u00e1 llevado por los voceros a la mesa nacional para su consideraci\u00f3n.\u00a0Esta mesa nacional buscar\u00e1 reflejar en un documento unificado la perspectiva de los 19 departamentos en un documento hoja de ruta por los pr\u00f3ximos 30 a\u00f1os de las pol\u00edticas para el sector juvenil.<\/p>\n<p>&nbsp;<\/p>\n<p><em><strong>Mesas de trabajo:<\/strong><\/em><\/p>\n<p><span style=\"font-style: inherit; font-weight: inherit;\">-Bienestar y convivencia: Salud mental, embarazo adolescente, violencia de g\u00e9nero, adicciones, etc.<\/span><\/p>\n<p><span style=\"font-style: inherit; font-weight: inherit;\">-Oportunidades: Empleo, emprendedurismo, vulnerabilidad, c\u00e1rceles, igualdad de g\u00e9nero, cultura, etc.<\/span><\/p>\n<p><span style=\"font-style: inherit; font-weight: inherit;\">-Ruralidad: j\u00f3venes y el medio rural<\/span><\/p>\n<p><span style=\"font-style: inherit; font-weight: inherit;\">-Ambiente y desarrollo sostenible. Capacidad de auto sustento de las generaciones futuras.<\/span><\/p>\n<p><span style=\"font-style: inherit; font-weight: inherit;\">-Democracia. Libertad pol\u00edtica, etc.<\/span><\/p>\n<p>&nbsp;<\/p>\n<p><strong><span style=\"font-style: inherit; font-weight: inherit;\">Formulario de inscripciones a la Plataforma de Organizaciones Juveniles:<\/span><\/strong><\/p>\n<p><span style=\"font-style: inherit; font-weight: inherit;\">\u00a0<\/span><a href=\"http:\/\/formularios.mides.gub.uy\/157500\/plataforma-de-participacion-juvenil-ciudadana-juventudes-protagonistas-durazno\" data-auth=\"NotApplicable\" data-linkindex=\"0\"><span style=\"font-style: inherit; font-weight: inherit;\">http:\/\/formularios.mides.gub.uy\/157500\/plataforma-de-participacion-juvenil-ciudadana-juventudes-protagonistas-durazno<\/span><\/a><\/p>\n<p>&nbsp; <\/p>\n","protected":false},"excerpt":{"rendered":"<p>Juventudes Protagonistas\u00a0 A 30 a\u00f1os de la creaci\u00f3n del INJU proponemos la creaci\u00f3n de un&#8230;<\/p>\n","protected":false},"author":2,"featured_media":25116,"comment_status":"closed","ping_status":"closed","sticky":false,"template":"","format":"standard","meta":{"footnotes":"","jetpack_publicize_message":"{title}\n\n{excerpt}\n\n{url}","jetpack_publicize_feature_enabled":true,"jetpack_social_post_already_shared":true,"jetpack_social_options":{"image_generator_settings":{"template":"fullscreen","default_image_id":0,"font":"","enabled":false},"version":2},"_wpas_customize_per_network":false},"categories":[33],"tags":[],"class_list":["post-25115","post","type-post","status-publish","format-standard","has-post-thumbnail","hentry","category-actualidad"],"jetpack_publicize_connections":[],"_links":{"self":[{"href":"https:\/\/duraznohoy.com\/index.php?rest_route=\/wp\/v2\/posts\/25115","targetHints":{"allow":["GET"]}}],"collection":[{"href":"https:\/\/duraznohoy.com\/index.php?rest_route=\/wp\/v2\/posts"}],"about":[{"href":"https:\/\/duraznohoy.com\/index.php?rest_route=\/wp\/v2\/types\/post"}],"author":[{"embeddable":true,"href":"https:\/\/duraznohoy.com\/index.php?rest_route=\/wp\/v2\/users\/2"}],"replies":[{"embeddable":true,"href":"https:\/\/duraznohoy.com\/index.php?rest_route=%2Fwp%2Fv2%2Fcomments&post=25115"}],"version-history":[{"count":0,"href":"https:\/\/duraznohoy.com\/index.php?rest_route=\/wp\/v2\/posts\/25115\/revisions"}],"wp:featuredmedia":[{"embeddable":true,"href":"https:\/\/duraznohoy.com\/index.php?rest_route=\/wp\/v2\/media\/25116"}],"wp:attachment":[{"href":"https:\/\/duraznohoy.com\/index.php?rest_route=%2Fwp%2Fv2%2Fmedia&parent=25115"}],"wp:term":[{"taxonomy":"category","embeddable":true,"href":"https:\/\/duraznohoy.com\/index.php?rest_route=%2Fwp%2Fv2%2Fcategories&post=25115"},{"taxonomy":"post_tag","embeddable":true,"href":"https:\/\/duraznohoy.com\/index.php?rest_route=%2Fwp%2Fv2%2Ftags&post=25115"}],"curies":[{"name":"wp","href":"https:\/\/api.w.org\/{rel}","templated":true}]}}