{"id":25215,"date":"2021-08-22T22:45:25","date_gmt":"2021-08-23T01:45:25","guid":{"rendered":"http:\/\/duraznohoy.com\/?p=25215"},"modified":"2021-08-22T22:45:25","modified_gmt":"2021-08-23T01:45:25","slug":"la-musica-no-cura-una-pandemia-pero-alegra-el-alma","status":"publish","type":"post","link":"https:\/\/duraznohoy.com\/?p=25215","title":{"rendered":"La m\u00fasica no cura una pandemia, pero alegra el alma."},"content":{"rendered":"<p><img loading=\"lazy\" decoding=\"async\" class=\" wp-image-25216 alignright\" src=\"https:\/\/duraznohoy.com\/wp-content\/uploads\/2021\/08\/NOELA-300x223.jpg\" alt=\"\" width=\"273\" height=\"203\" srcset=\"https:\/\/duraznohoy.com\/wp-content\/uploads\/2021\/08\/NOELA-300x223.jpg 300w, https:\/\/duraznohoy.com\/wp-content\/uploads\/2021\/08\/NOELA.jpg 722w\" sizes=\"auto, (max-width: 273px) 100vw, 273px\" \/><strong>Hay avidez por espect\u00e1culos, peque\u00f1os o grandes, de cualquier ritmo y estilo.<\/strong><\/p>\n<p>La pandemia ha obligado a conformarnos con escuchar m\u00fasica por otras v\u00edas que no sea en vivo. Por eso result\u00f3 m\u00e1s que agradable la noche del pasado viernes en el Centro Uni\u00f3n.<\/p>\n<p>Organizado por Express Producciones (Jorge Larrosa) junto con el club anfitri\u00f3n, <strong>Noela Areosa y Venancio Odella<\/strong> brindaron un show ac\u00fastico de alto nivel.<\/p>\n<p>Primero Venancio, acompa\u00f1ado con Rodrigo Suarez en la percusi\u00f3n, interpret\u00f3 varios temas de su repertorio y luego Noela, con Nacho Garc\u00eda en guitarra y chango P\u00e9rez en percusi\u00f3n, interpret\u00f3 los suyos, para finalizar cantando juntos.<\/p>\n<p>Una muy buena propuesta que hace suponer, dado el \u00e9xito obtenido, pueda repetirse.<\/p>\n<p>Todos sabemos que una buena canci\u00f3n nos pone los vellos de punta, puede hacernos sentir escalofr\u00edos, acelera el coraz\u00f3n y provoca otros cambios fisiol\u00f3gicos propios de la excitaci\u00f3n emocional.<\/p>\n<p>Entonces, ya lo sabemos. La m\u00fasica puede ser un excelente aliado en este tiempo estresante.<\/p>\n<p>Utilic\u00e9mosla a nuestro favor.<\/p>\n<p>&nbsp; <\/p>\n","protected":false},"excerpt":{"rendered":"<p>Hay avidez por espect\u00e1culos, peque\u00f1os o grandes, de cualquier ritmo y estilo. La pandemia ha&#8230;<\/p>\n","protected":false},"author":2,"featured_media":25217,"comment_status":"closed","ping_status":"closed","sticky":false,"template":"","format":"standard","meta":{"footnotes":"","jetpack_publicize_message":"{title}\n\n{excerpt}\n\n{url}","jetpack_publicize_feature_enabled":true,"jetpack_social_post_already_shared":true,"jetpack_social_options":{"image_generator_settings":{"template":"fullscreen","default_image_id":0,"font":"","enabled":false},"version":2},"_wpas_customize_per_network":false},"categories":[33,9],"tags":[],"class_list":["post-25215","post","type-post","status-publish","format-standard","has-post-thumbnail","hentry","category-actualidad","category-espectaculos"],"jetpack_publicize_connections":[],"_links":{"self":[{"href":"https:\/\/duraznohoy.com\/index.php?rest_route=\/wp\/v2\/posts\/25215","targetHints":{"allow":["GET"]}}],"collection":[{"href":"https:\/\/duraznohoy.com\/index.php?rest_route=\/wp\/v2\/posts"}],"about":[{"href":"https:\/\/duraznohoy.com\/index.php?rest_route=\/wp\/v2\/types\/post"}],"author":[{"embeddable":true,"href":"https:\/\/duraznohoy.com\/index.php?rest_route=\/wp\/v2\/users\/2"}],"replies":[{"embeddable":true,"href":"https:\/\/duraznohoy.com\/index.php?rest_route=%2Fwp%2Fv2%2Fcomments&post=25215"}],"version-history":[{"count":0,"href":"https:\/\/duraznohoy.com\/index.php?rest_route=\/wp\/v2\/posts\/25215\/revisions"}],"wp:featuredmedia":[{"embeddable":true,"href":"https:\/\/duraznohoy.com\/index.php?rest_route=\/wp\/v2\/media\/25217"}],"wp:attachment":[{"href":"https:\/\/duraznohoy.com\/index.php?rest_route=%2Fwp%2Fv2%2Fmedia&parent=25215"}],"wp:term":[{"taxonomy":"category","embeddable":true,"href":"https:\/\/duraznohoy.com\/index.php?rest_route=%2Fwp%2Fv2%2Fcategories&post=25215"},{"taxonomy":"post_tag","embeddable":true,"href":"https:\/\/duraznohoy.com\/index.php?rest_route=%2Fwp%2Fv2%2Ftags&post=25215"}],"curies":[{"name":"wp","href":"https:\/\/api.w.org\/{rel}","templated":true}]}}