{"id":25220,"date":"2021-08-23T00:32:34","date_gmt":"2021-08-23T03:32:34","guid":{"rendered":"http:\/\/duraznohoy.com\/?p=25220"},"modified":"2021-08-23T00:32:34","modified_gmt":"2021-08-23T03:32:34","slug":"domingo-sin-casos-de-covid-19-en-durazno","status":"publish","type":"post","link":"https:\/\/duraznohoy.com\/?p=25220","title":{"rendered":"Domingo sin casos de Covid-19 en Durazno"},"content":{"rendered":"<p><img loading=\"lazy\" decoding=\"async\" src=\"https:\/\/duraznohoy.com\/wp-content\/uploads\/2021\/08\/SAVE_20210823_242114-300x650.jpg\" alt=\"\" width=\"300\" height=\"650\" class=\"alignnone size-medium wp-image-25221\" srcset=\"https:\/\/duraznohoy.com\/wp-content\/uploads\/2021\/08\/SAVE_20210823_242114-300x650.jpg 300w, https:\/\/duraznohoy.com\/wp-content\/uploads\/2021\/08\/SAVE_20210823_242114-473x1024.jpg 473w, https:\/\/duraznohoy.com\/wp-content\/uploads\/2021\/08\/SAVE_20210823_242114-709x1536.jpg 709w, https:\/\/duraznohoy.com\/wp-content\/uploads\/2021\/08\/SAVE_20210823_242114.jpg 720w\" sizes=\"auto, (max-width: 300px) 100vw, 300px\" \/><br \/>\nCon datos proporcionados por el Ministerio de Salud P\u00fablica y el Sistema Nacional de Emergencias, no se confirmaron casos positivos de Covid-19 en el departamento de Durazno en el d\u00eda de hoy.<br \/>\nActualmente 16 personas cursan la infecci\u00f3n y el departamento de Durazno se encuentra en color amarillo del \u00edndice de Harvard.<br \/>\nLa Direcci\u00f3n Departamental de Salud, con datos proporcionados por los prestadores de salud informa que en el d\u00eda de hoy se realizaron 42 test, Dos pacientes se encuentran internados<br \/>\nEste Comit\u00e9 permanece expectante de la evoluci\u00f3n de la situaci\u00f3n sanitaria y exhorta a la poblaci\u00f3n a mantener las medidas de prevenci\u00f3n recomendadas por las autoridades sanitarias, como as\u00ed tambi\u00e9n concurrir a los centros de vacunaci\u00f3n para inocularse contra el Covid-19.<br \/>\nEn caso de que el n\u00famero de contagios se dispare, provocando que nuestro departamento ingrese en otra categor\u00eda del \u00edndice de Harvard, se estudiar\u00e1 la posibilidad de retomar medidas ya aplicadas. <\/p>\n","protected":false},"excerpt":{"rendered":"<p>Con datos proporcionados por el Ministerio de Salud P\u00fablica y el Sistema Nacional de Emergencias,&#8230;<\/p>\n","protected":false},"author":26,"featured_media":25221,"comment_status":"closed","ping_status":"closed","sticky":false,"template":"","format":"standard","meta":{"footnotes":"","jetpack_publicize_message":"{title}\n\n{excerpt}\n\n{url}","jetpack_publicize_feature_enabled":true,"jetpack_social_post_already_shared":true,"jetpack_social_options":{"image_generator_settings":{"template":"fullscreen","default_image_id":0,"font":"","enabled":false},"version":2},"_wpas_customize_per_network":false},"categories":[33],"tags":[],"class_list":["post-25220","post","type-post","status-publish","format-standard","has-post-thumbnail","hentry","category-actualidad"],"jetpack_publicize_connections":[],"_links":{"self":[{"href":"https:\/\/duraznohoy.com\/index.php?rest_route=\/wp\/v2\/posts\/25220","targetHints":{"allow":["GET"]}}],"collection":[{"href":"https:\/\/duraznohoy.com\/index.php?rest_route=\/wp\/v2\/posts"}],"about":[{"href":"https:\/\/duraznohoy.com\/index.php?rest_route=\/wp\/v2\/types\/post"}],"author":[{"embeddable":true,"href":"https:\/\/duraznohoy.com\/index.php?rest_route=\/wp\/v2\/users\/26"}],"replies":[{"embeddable":true,"href":"https:\/\/duraznohoy.com\/index.php?rest_route=%2Fwp%2Fv2%2Fcomments&post=25220"}],"version-history":[{"count":0,"href":"https:\/\/duraznohoy.com\/index.php?rest_route=\/wp\/v2\/posts\/25220\/revisions"}],"wp:featuredmedia":[{"embeddable":true,"href":"https:\/\/duraznohoy.com\/index.php?rest_route=\/wp\/v2\/media\/25221"}],"wp:attachment":[{"href":"https:\/\/duraznohoy.com\/index.php?rest_route=%2Fwp%2Fv2%2Fmedia&parent=25220"}],"wp:term":[{"taxonomy":"category","embeddable":true,"href":"https:\/\/duraznohoy.com\/index.php?rest_route=%2Fwp%2Fv2%2Fcategories&post=25220"},{"taxonomy":"post_tag","embeddable":true,"href":"https:\/\/duraznohoy.com\/index.php?rest_route=%2Fwp%2Fv2%2Ftags&post=25220"}],"curies":[{"name":"wp","href":"https:\/\/api.w.org\/{rel}","templated":true}]}}