{"id":25233,"date":"2021-08-23T13:50:02","date_gmt":"2021-08-23T16:50:02","guid":{"rendered":"http:\/\/duraznohoy.com\/?p=25233"},"modified":"2021-08-23T13:50:02","modified_gmt":"2021-08-23T16:50:02","slug":"tabare-viera-en-turismo","status":"publish","type":"post","link":"https:\/\/duraznohoy.com\/?p=25233","title":{"rendered":"Tabar\u00e9 Viera en Turismo."},"content":{"rendered":"<p><strong>El expresidente Julio Sanguinetti confirm\u00f3 al Comit\u00e9 Ejecutivo Nacional del Partido Colorado que Tabar\u00e9 Viera ser\u00e1 el ministro de Turismo<\/strong>.<\/p>\n<p>Viera asumir\u00e1 en reemplazo de Germ\u00e1n Cardoso, que renunci\u00f3 a su cargo el pasado viernes.<\/p>\n<p>En rueda de prensa, Sanguinetti se\u00f1al\u00f3 que Viera tiene <em><strong>\u00abantecedentes, capacidades y valores humanos y personales\u00bb<\/strong><\/em>.<\/p>\n<p><strong><em>\u00abEs una garant\u00eda de capacidad, honestidad, experiencia, un hombre de la administraci\u00f3n de toda la vida, con capacidad transformadora en varios organismos\u00bb,<\/em><\/strong> agreg\u00f3 en referencia a Viera, que fue dos veces intendente de Rivera y ocup\u00f3 el cargo de vicepresidente y luego presidente de Antel durante el segundo gobierno de Sanguinetti (1995-2000). Sanguinetti se\u00f1al\u00f3 que en Antel Viera llev\u00f3 a cabo un<em><strong> \u00abproceso de digitalizaci\u00f3n\u00bb<\/strong> <\/em>cuando estuvo en la presidencia y en el ejercicio del cargo se construy\u00f3 buena parte de la Torre de las Comunicaciones.<\/p>\n<p>Adem\u00e1s, el secretario general del Partido Colorado destac\u00f3 la labor de Viera como intendente de Rivera, llev\u00e1ndola a ser <strong><em>\u00abun gran centro de turismo.Comunicamos esto con alegr\u00eda, esperanza, mirando hacia adelante, trabajando por la coalici\u00f3n\u00bb, <\/em><\/strong>sostuvo Sanguinetti.<\/p>\n<p>El exmandatario confirm\u00f3 que el lugar de Viera en el Senado ser\u00e1 ocupado por Ra\u00fal Lorenzo Batlle, de la Lista 15.<\/p>\n<p style=\"text-align: right;\"><em><u>*Tabar\u00e9 Viera Duarte, naci\u00f3 el 7 de abril de 1955, pol\u00edtico , perteneciente al Partido Colorado.<\/u><\/em><\/p>\n<p style=\"text-align: right;\"><em><u>Diputado por el Departamento de Rivera entre 1985 y 1989. Posteriormente se desempe\u00f1\u00f3 en los directorios de OSE y ANTEL.<\/u><\/em><\/p>\n<p style=\"text-align: right;\"><em><u>Electo a la Intendencia de Rivera en mayo de 2000, fue reelecto en 2005.<\/u><\/em><\/p>\n","protected":false},"excerpt":{"rendered":"<p>El expresidente Julio Sanguinetti confirm\u00f3 al Comit\u00e9 Ejecutivo Nacional del Partido Colorado que Tabar\u00e9 Viera&#8230;<\/p>\n","protected":false},"author":2,"featured_media":25234,"comment_status":"closed","ping_status":"closed","sticky":false,"template":"","format":"standard","meta":{"footnotes":"","jetpack_publicize_message":"{title}\n\n{excerpt}\n\n{url}","jetpack_publicize_feature_enabled":true,"jetpack_social_post_already_shared":true,"jetpack_social_options":{"image_generator_settings":{"template":"fullscreen","default_image_id":0,"font":"","enabled":false},"version":2},"_wpas_customize_per_network":false},"categories":[33,3],"tags":[],"class_list":["post-25233","post","type-post","status-publish","format-standard","has-post-thumbnail","hentry","category-actualidad","category-nacionales"],"jetpack_publicize_connections":[],"_links":{"self":[{"href":"https:\/\/duraznohoy.com\/index.php?rest_route=\/wp\/v2\/posts\/25233","targetHints":{"allow":["GET"]}}],"collection":[{"href":"https:\/\/duraznohoy.com\/index.php?rest_route=\/wp\/v2\/posts"}],"about":[{"href":"https:\/\/duraznohoy.com\/index.php?rest_route=\/wp\/v2\/types\/post"}],"author":[{"embeddable":true,"href":"https:\/\/duraznohoy.com\/index.php?rest_route=\/wp\/v2\/users\/2"}],"replies":[{"embeddable":true,"href":"https:\/\/duraznohoy.com\/index.php?rest_route=%2Fwp%2Fv2%2Fcomments&post=25233"}],"version-history":[{"count":0,"href":"https:\/\/duraznohoy.com\/index.php?rest_route=\/wp\/v2\/posts\/25233\/revisions"}],"wp:featuredmedia":[{"embeddable":true,"href":"https:\/\/duraznohoy.com\/index.php?rest_route=\/wp\/v2\/media\/25234"}],"wp:attachment":[{"href":"https:\/\/duraznohoy.com\/index.php?rest_route=%2Fwp%2Fv2%2Fmedia&parent=25233"}],"wp:term":[{"taxonomy":"category","embeddable":true,"href":"https:\/\/duraznohoy.com\/index.php?rest_route=%2Fwp%2Fv2%2Fcategories&post=25233"},{"taxonomy":"post_tag","embeddable":true,"href":"https:\/\/duraznohoy.com\/index.php?rest_route=%2Fwp%2Fv2%2Ftags&post=25233"}],"curies":[{"name":"wp","href":"https:\/\/api.w.org\/{rel}","templated":true}]}}