{"id":25329,"date":"2021-08-26T20:58:41","date_gmt":"2021-08-26T23:58:41","guid":{"rendered":"http:\/\/duraznohoy.com\/?p=25329"},"modified":"2021-08-26T20:58:41","modified_gmt":"2021-08-26T23:58:41","slug":"prevencion-del-suicidio-adolescente","status":"publish","type":"post","link":"https:\/\/duraznohoy.com\/?p=25329","title":{"rendered":"Prevenci\u00f3n del suicidio adolescente"},"content":{"rendered":"<p><img loading=\"lazy\" decoding=\"async\" src=\"https:\/\/duraznohoy.com\/wp-content\/uploads\/2021\/08\/SAVE_20210826_205639.jpg\" alt=\"\" width=\"292\" height=\"490\" class=\"alignnone size-full wp-image-25330\" \/><\/p>\n<p><img loading=\"lazy\" decoding=\"async\" src=\"https:\/\/duraznohoy.com\/wp-content\/uploads\/2021\/08\/SAVE_20210826_205629.jpg\" alt=\"\" width=\"254\" height=\"478\" class=\"alignnone size-medium wp-image-25331\" \/><br \/>\nLa Oficina de la Juventud de la Intendencia de Durazno, viene promoviendo la realizaci\u00f3n de un ciclo de charlas abordando el tema Salud Mental.<br \/>\nUna de ellas ser\u00e1 ma\u00f1ana viernes 17 de setiembre v\u00eda Intern\u00e9t, con la participaci\u00f3n de la Cl\u00ednica Covalente, que brindar\u00e1 una charla sobre la tem\u00e1tica \u201cPrevenci\u00f3n de Suicidio Adolescente, hablemos de salud mental\u201d.<br \/>\nCovalente est\u00e1 compuesto por profesionales de la salud mental capacitados para cubrir diferentes \u00e1reas y enfoques de la psicolog\u00eda con una visi\u00f3n adaptada a la actualidad. Prevenci\u00f3n de suicidio e intevenci\u00f3n en crisis (IAE) individual y familiar. Atenci\u00f3n a adolescentes, j\u00f3venes y adultos.<\/p>\n","protected":false},"excerpt":{"rendered":"<p>La Oficina de la Juventud de la Intendencia de Durazno, viene promoviendo la realizaci\u00f3n de&#8230;<\/p>\n","protected":false},"author":26,"featured_media":25330,"comment_status":"closed","ping_status":"closed","sticky":false,"template":"","format":"standard","meta":{"footnotes":"","jetpack_publicize_message":"{title}\n\n{excerpt}\n\n{url}","jetpack_publicize_feature_enabled":true,"jetpack_social_post_already_shared":true,"jetpack_social_options":{"image_generator_settings":{"template":"fullscreen","default_image_id":0,"font":"","enabled":false},"version":2},"_wpas_customize_per_network":false},"categories":[33],"tags":[],"class_list":["post-25329","post","type-post","status-publish","format-standard","has-post-thumbnail","hentry","category-actualidad"],"jetpack_publicize_connections":[],"_links":{"self":[{"href":"https:\/\/duraznohoy.com\/index.php?rest_route=\/wp\/v2\/posts\/25329","targetHints":{"allow":["GET"]}}],"collection":[{"href":"https:\/\/duraznohoy.com\/index.php?rest_route=\/wp\/v2\/posts"}],"about":[{"href":"https:\/\/duraznohoy.com\/index.php?rest_route=\/wp\/v2\/types\/post"}],"author":[{"embeddable":true,"href":"https:\/\/duraznohoy.com\/index.php?rest_route=\/wp\/v2\/users\/26"}],"replies":[{"embeddable":true,"href":"https:\/\/duraznohoy.com\/index.php?rest_route=%2Fwp%2Fv2%2Fcomments&post=25329"}],"version-history":[{"count":0,"href":"https:\/\/duraznohoy.com\/index.php?rest_route=\/wp\/v2\/posts\/25329\/revisions"}],"wp:featuredmedia":[{"embeddable":true,"href":"https:\/\/duraznohoy.com\/index.php?rest_route=\/wp\/v2\/media\/25330"}],"wp:attachment":[{"href":"https:\/\/duraznohoy.com\/index.php?rest_route=%2Fwp%2Fv2%2Fmedia&parent=25329"}],"wp:term":[{"taxonomy":"category","embeddable":true,"href":"https:\/\/duraznohoy.com\/index.php?rest_route=%2Fwp%2Fv2%2Fcategories&post=25329"},{"taxonomy":"post_tag","embeddable":true,"href":"https:\/\/duraznohoy.com\/index.php?rest_route=%2Fwp%2Fv2%2Ftags&post=25329"}],"curies":[{"name":"wp","href":"https:\/\/api.w.org\/{rel}","templated":true}]}}