{"id":25334,"date":"2021-08-26T23:19:41","date_gmt":"2021-08-27T02:19:41","guid":{"rendered":"http:\/\/duraznohoy.com\/?p=25334"},"modified":"2021-08-26T23:19:41","modified_gmt":"2021-08-27T02:19:41","slug":"martinez-pidio-disculpa","status":"publish","type":"post","link":"https:\/\/duraznohoy.com\/?p=25334","title":{"rendered":"Mart\u00ednez pidi\u00f3 disculpa."},"content":{"rendered":"<p style=\"text-align: right;\"><strong>La Junta Departamental est\u00e1 reunida desde la hora 21.00, reanudando as\u00ed la sesi\u00f3n extraordinaria que por falta de cu\u00f3rum fue suspendida el lunes.<\/strong><\/p>\n<p>En el comienzo de la reuni\u00f3n, el presidente Luis Mart\u00ednez Menditegui pidi\u00f3 disculpas a los ediles, a las Instituciones que se sintieron agraviadas por una expresi\u00f3n tenida para con una edil. <strong><em>\u201cLa embarr\u00e9. Met\u00ed la pata\u201d<\/em><\/strong> se\u00f1al\u00f3.<\/p>\n<p><img loading=\"lazy\" decoding=\"async\" class=\" wp-image-25337 alignleft\" src=\"https:\/\/duraznohoy.com\/wp-content\/uploads\/2021\/08\/EXTRA-JUEVES-3-300x197.jpg\" alt=\"\" width=\"210\" height=\"138\" srcset=\"https:\/\/duraznohoy.com\/wp-content\/uploads\/2021\/08\/EXTRA-JUEVES-3-300x197.jpg 300w, https:\/\/duraznohoy.com\/wp-content\/uploads\/2021\/08\/EXTRA-JUEVES-3.jpg 716w\" sizes=\"auto, (max-width: 210px) 100vw, 210px\" \/>Tras \u00e9l <strong>Daniela Moreira<\/strong> indic\u00f3 que <strong><em>\u201cno han sido unos d\u00edas muy agradables, pero creo que lo manifestado desde la presidencia, deb\u00eda haberse hecho desde la banca\u201d.<\/em><\/strong><\/p>\n<p>La curul a quien Mart\u00ednez aludi\u00f3 el lunes con una expresi\u00f3n irreproducible, agreg\u00f3 que no era su intenci\u00f3n extenderse sobre el tema que le afecta <strong><em>\u201cporque estamos aqu\u00ed para tratar el Presupuesto que es mucho m\u00e1s importante. Eso no quita \u2013 <\/em><\/strong><em>resalt\u00f3<strong> \u2013 que vea que har\u00e9 en los pr\u00f3ximos d\u00edas, porque no he sido solo yo la que ha sufrido actitudes de desprecio y maltrato, incluso sin micr\u00f3fono.\u201d<\/strong><\/em><\/p>\n<p>Tras este comienzo y algunas consideraciones con respecto a lo medular del tema convocante, el cuerpo est\u00e1 discutiendo sobre dos mociones presentadas.<\/p>\n<p>Ampliaremos.<\/p>\n<p>&nbsp; <\/p>\n","protected":false},"excerpt":{"rendered":"<p>La Junta Departamental est\u00e1 reunida desde la hora 21.00, reanudando as\u00ed la sesi\u00f3n extraordinaria que&#8230;<\/p>\n","protected":false},"author":2,"featured_media":25336,"comment_status":"closed","ping_status":"closed","sticky":false,"template":"","format":"standard","meta":{"footnotes":"","jetpack_publicize_message":"{title}\n\n{excerpt}\n\n{url}","jetpack_publicize_feature_enabled":true,"jetpack_social_post_already_shared":true,"jetpack_social_options":{"image_generator_settings":{"template":"fullscreen","default_image_id":0,"font":"","enabled":false},"version":2},"_wpas_customize_per_network":false},"categories":[33,36],"tags":[],"class_list":["post-25334","post","type-post","status-publish","format-standard","has-post-thumbnail","hentry","category-actualidad","category-junta-departamental"],"jetpack_publicize_connections":[],"_links":{"self":[{"href":"https:\/\/duraznohoy.com\/index.php?rest_route=\/wp\/v2\/posts\/25334","targetHints":{"allow":["GET"]}}],"collection":[{"href":"https:\/\/duraznohoy.com\/index.php?rest_route=\/wp\/v2\/posts"}],"about":[{"href":"https:\/\/duraznohoy.com\/index.php?rest_route=\/wp\/v2\/types\/post"}],"author":[{"embeddable":true,"href":"https:\/\/duraznohoy.com\/index.php?rest_route=\/wp\/v2\/users\/2"}],"replies":[{"embeddable":true,"href":"https:\/\/duraznohoy.com\/index.php?rest_route=%2Fwp%2Fv2%2Fcomments&post=25334"}],"version-history":[{"count":0,"href":"https:\/\/duraznohoy.com\/index.php?rest_route=\/wp\/v2\/posts\/25334\/revisions"}],"wp:featuredmedia":[{"embeddable":true,"href":"https:\/\/duraznohoy.com\/index.php?rest_route=\/wp\/v2\/media\/25336"}],"wp:attachment":[{"href":"https:\/\/duraznohoy.com\/index.php?rest_route=%2Fwp%2Fv2%2Fmedia&parent=25334"}],"wp:term":[{"taxonomy":"category","embeddable":true,"href":"https:\/\/duraznohoy.com\/index.php?rest_route=%2Fwp%2Fv2%2Fcategories&post=25334"},{"taxonomy":"post_tag","embeddable":true,"href":"https:\/\/duraznohoy.com\/index.php?rest_route=%2Fwp%2Fv2%2Ftags&post=25334"}],"curies":[{"name":"wp","href":"https:\/\/api.w.org\/{rel}","templated":true}]}}