{"id":25341,"date":"2021-08-27T09:58:04","date_gmt":"2021-08-27T12:58:04","guid":{"rendered":"http:\/\/duraznohoy.com\/?p=25341"},"modified":"2021-08-27T09:58:04","modified_gmt":"2021-08-27T12:58:04","slug":"a-prision-rapinero-de-estacion-de-servicios","status":"publish","type":"post","link":"https:\/\/duraznohoy.com\/?p=25341","title":{"rendered":"A prisi\u00f3n rapi\u00f1ero de estaci\u00f3n de servicios."},"content":{"rendered":"<p><strong>El responsable de la rapi\u00f1a efectuada el pasado 10 de agosto en una estaci\u00f3n de servicios de Srand\u00ed del Yi fue capturado y condenado a 5 a\u00f1os y 4 meses de prisi\u00f3n.<\/strong><\/p>\n<p>Mediante llamado telef\u00f3nico hora 22:10, del d\u00eda martes 10 del corriente mes, se tom\u00f3 conocimiento en la Comisar\u00eda 9na. Sarand\u00ed del Y\u00ed, que en una estaci\u00f3n de servicios de esa ciudad un masculino encapuchado con el rostro cubierto, mediante amenazas con aparente arma de fuego sustrajo del lugar 2 tel\u00e9fonos celulares de las v\u00edctimas y la suma de $ 10.000 pesos uruguayos. Atento a lo expuesto personal actuante conjuntamente con personal de la Unidad de Investigaciones realizaron los trabajos investigativos pertinentes al caso, pudiendo establecer que no ser\u00eda ajeno al hecho un hombre de 19 a\u00f1os de edad, el cual se encontrar\u00eda en el departamento de San Jos\u00e9. Continuando con las actuaciones se logr\u00f3 la detenci\u00f3n del referido masculino. En todo momento se mantuvo informada de las actuaciones a la fiscal\u00eda competente. Conducido ante la justicia competente, al t\u00e9rmino de la audiencia se dispuso la condena del masculino, dict\u00e1ndose sentencia N. \u00aa 71\/2021 por la cual se lo condeno como <strong><em>\u201cautor responsable de un delito de rapi\u00f1a especialmente agravada, en calidad de autor\u201d a la pena de 5 a\u00f1os y 4 meses de penitenciaria de prisi\u00f3n efectiva.<\/em><\/strong><\/p>\n<p><strong>Receptaci\u00f3n <\/strong><\/p>\n<p>En horas de la noche del d\u00eda lunes pr\u00f3ximo pasado, se tom\u00f3 conocimiento en la Unidad de Investigaciones, por parte de un hombre mayor de edad, el cual manifest\u00f3 que momentos antes le hab\u00edan sustra\u00eddo una moto de su propiedad, la misma se encontraba estacionada frente a su domicilio. Atento a lo expuesto y de forma inmediata, personal actuante realiz\u00f3 el procedimiento correspondiente, logrando la detenci\u00f3n de un masculino mayor de edad, el cual circulaba por calle Aparicio Saravia con la moto antes denunciada, de lo actuado se enter\u00f3 a la fiscal\u00eda competente. Conducido ante la justicia competente, se llev\u00f3 a cabo audiencia, en donde al t\u00e9rmino de la misma se dispuso la formalizaci\u00f3n de la investigaci\u00f3n para el detenido, como <strong><em>\u201cautor penalmente responsable de la comisi\u00f3n de un delito de receptaci\u00f3n\u201d<\/em><\/strong>, conden\u00e1ndolo a la pena de 7 meses de prisi\u00f3n de cumplimiento efectivo. <\/p>\n","protected":false},"excerpt":{"rendered":"<p>El responsable de la rapi\u00f1a efectuada el pasado 10 de agosto en una estaci\u00f3n de&#8230;<\/p>\n","protected":false},"author":2,"featured_media":25342,"comment_status":"closed","ping_status":"closed","sticky":false,"template":"","format":"standard","meta":{"footnotes":"","jetpack_publicize_message":"{title}\n\n{excerpt}\n\n{url}","jetpack_publicize_feature_enabled":true,"jetpack_social_post_already_shared":true,"jetpack_social_options":{"image_generator_settings":{"template":"fullscreen","default_image_id":0,"font":"","enabled":false},"version":2},"_wpas_customize_per_network":false},"categories":[33,21],"tags":[],"class_list":["post-25341","post","type-post","status-publish","format-standard","has-post-thumbnail","hentry","category-actualidad","category-policiales"],"jetpack_publicize_connections":[],"_links":{"self":[{"href":"https:\/\/duraznohoy.com\/index.php?rest_route=\/wp\/v2\/posts\/25341","targetHints":{"allow":["GET"]}}],"collection":[{"href":"https:\/\/duraznohoy.com\/index.php?rest_route=\/wp\/v2\/posts"}],"about":[{"href":"https:\/\/duraznohoy.com\/index.php?rest_route=\/wp\/v2\/types\/post"}],"author":[{"embeddable":true,"href":"https:\/\/duraznohoy.com\/index.php?rest_route=\/wp\/v2\/users\/2"}],"replies":[{"embeddable":true,"href":"https:\/\/duraznohoy.com\/index.php?rest_route=%2Fwp%2Fv2%2Fcomments&post=25341"}],"version-history":[{"count":0,"href":"https:\/\/duraznohoy.com\/index.php?rest_route=\/wp\/v2\/posts\/25341\/revisions"}],"wp:featuredmedia":[{"embeddable":true,"href":"https:\/\/duraznohoy.com\/index.php?rest_route=\/wp\/v2\/media\/25342"}],"wp:attachment":[{"href":"https:\/\/duraznohoy.com\/index.php?rest_route=%2Fwp%2Fv2%2Fmedia&parent=25341"}],"wp:term":[{"taxonomy":"category","embeddable":true,"href":"https:\/\/duraznohoy.com\/index.php?rest_route=%2Fwp%2Fv2%2Fcategories&post=25341"},{"taxonomy":"post_tag","embeddable":true,"href":"https:\/\/duraznohoy.com\/index.php?rest_route=%2Fwp%2Fv2%2Ftags&post=25341"}],"curies":[{"name":"wp","href":"https:\/\/api.w.org\/{rel}","templated":true}]}}