{"id":25344,"date":"2021-08-27T10:14:36","date_gmt":"2021-08-27T13:14:36","guid":{"rendered":"http:\/\/duraznohoy.com\/?p=25344"},"modified":"2021-08-27T10:14:36","modified_gmt":"2021-08-27T13:14:36","slug":"el-futbol-menor","status":"publish","type":"post","link":"https:\/\/duraznohoy.com\/?p=25344","title":{"rendered":"El f\u00fatbol menor."},"content":{"rendered":"<p><strong>Fueron designados\u00a0 los t\u00e9cnicos Selecci\u00f3n de Durazno 2009, 2010 y 2011 y se conocen detalles de nuva fecha del f\u00fatbol menor.<\/strong><\/p>\n<p>Este martes se reuni\u00f3 el Consejo de la Liga de F\u00fatbol Infantil Ciudad de Durazno (LFICD), actividad cumplida en la sala ubicada dentro del predio del estadio Jos\u00e9 Pedro Varela.<\/p>\n<p>Presidente Mario P\u00edriz le comunic\u00f3 a los delegados de los clubes la decisi\u00f3n adoptada por la Comisi\u00f3n de Selecci\u00f3n, en cuanto a la designaci\u00f3n de los t\u00e9cnicos para las categor\u00edas 2009, 2010 y 2011, que tendr\u00e1n actividad a partir de mediados del mes de octubre.<\/p>\n<p><strong><em>Eduardo Del R\u00edo ser\u00e1 el DT encargado de dirigir a la generaci\u00f3n 2009, Valent\u00edn Betancor a la 2010 y Bartolo Barrios dirigir\u00e1 a la generaci\u00f3n 2011.<\/em><\/strong><\/p>\n<p>El Consejo Ejecutivo y los clubes, trabajan en la b\u00fasqueda de apoyo, para sustentar la participaci\u00f3n de las cuatro selecciones, en los diferentes campeonatos a nivel nacional, organizados por ONFI (Organizaci\u00f3n Nacional de F\u00fatbol Infantil).<\/p>\n<p>En tal sentido, se han mantenido contacto con importantes empresas del medio, algunas de ellas ya han confirmado su aporte, para hacer posible la participaci\u00f3n de los combinados rojos.<\/p>\n<p>Adem\u00e1s, se trabaja en la concreci\u00f3n de una importante rifa, detalles que se estar\u00e1n confirmando en los pr\u00f3ximos d\u00edas.<\/p>\n<p><strong>Nueva fecha<\/strong><\/p>\n<p>Se procedi\u00f3 a establecer los detalles de la tercera fecha del baby y la quinta del Torneo Sub-13, detalles que compartimos a continuaci\u00f3n:<\/p>\n<p><u>Detalles<\/u><\/p>\n<p><strong>Baby (3ra. Fecha)<\/strong><\/p>\n<p>S\u00e1bado 28 de agosto<\/p>\n<p><u>Cancha de Central<\/u><\/p>\n<p><u>Central vs Pe\u00f1arol<\/u><\/p>\n<p>13:30: Cat. 2015<\/p>\n<p>14:30: Cat. 2013<\/p>\n<p>15:45: Cat. 2010<\/p>\n<p><u>Cancha La Bombonera<\/u><\/p>\n<p><u>Villa Guadalupe vs Nacional<\/u><\/p>\n<p>13:00: Cat. 2012<\/p>\n<p>14:15: Cat. 2010<\/p>\n<p>15:30: Cat. 2015<\/p>\n<p>16:45: Cat. 2014<\/p>\n<p>18:00: Cat. 2009<\/p>\n<p><u>Estadio Jos\u00e9 Pedro Varela<\/u><\/p>\n<p><u>Gallos Blancos vs La Lanera<\/u><\/p>\n<p>13:00: Cat. 2011<\/p>\n<p>14:15: Cat. 2013<\/p>\n<p>15:30: Cat. 2014<\/p>\n<p>16:45: Cat. 2015<\/p>\n<p>18:00: Cat. 2010<\/p>\n<p>19:15: Cat. 2009<\/p>\n<p><u>Villa del Carmen<\/u><\/p>\n<p><u>Vecinal vs Wanderers<\/u><\/p>\n<p>13:00: Cat. 2012<\/p>\n<p>14:00: Cat. 2013<\/p>\n<p>15:00: Cat. 2015<\/p>\n<p>16:00: Cat. 2011<\/p>\n<p>17:00: Cat. 2010<\/p>\n<p>18:00: Cat. 2009<\/p>\n<p><u>Domingo 29 de agosto<\/u><\/p>\n<p><u>Cancha \u00cdtalo Franco<\/u><\/p>\n<p><u>Santa Bernardina vs Juvenil<\/u><\/p>\n<p>11:00: Cat. 2010<\/p>\n<p>12:15: Cat. 2009<\/p>\n<p>13:20: Cat. 2015<\/p>\n<p>14:15: Cat. 2014<\/p>\n<p>15:10: Cat. 2013<\/p>\n<p>16:15: Cat. 2012<\/p>\n<p>17:20: Cat. 2011<\/p>\n<p><u>Estadio Jos\u00e9 Pedro Varela<\/u><\/p>\n<p><u>Artigas vs Sportivo Y\u00ed<\/u><\/p>\n<p>13:00: Cat. 2009<\/p>\n<p>14:15: Cat. 2015<\/p>\n<p>15:30: Cat. 2013<\/p>\n<p>16:45: Cat. 2011<\/p>\n<p><u>Atrasado, segunda fecha<\/u><\/p>\n<p><u>Domingo 29 de agosto<\/u><\/p>\n<p><u>Villa del Carmen<\/u><\/p>\n<p><u>Vecinal vs Gallos Blancos<\/u><\/p>\n<p>13:00: Cat. 2011<\/p>\n<p>14:15: Cat. 2015<\/p>\n<p>15:30: Cat. 2013<\/p>\n<p>16:45: Cat. 2010<\/p>\n<p>18:00: Cat. 2009<\/p>\n<p><strong>Sub-13 (5ta. Fecha)<\/strong><\/p>\n<p><u>S\u00e1bado 28 de agosto<\/u><\/p>\n<p><u>Parque Alfredo Arambillet<\/u><\/p>\n<p>09:45: Juvenil vs Nacional<\/p>\n<p>11:30: Pe\u00f1arol vs Central<\/p>\n<p><u>Domingo 29 de agosto<\/u><\/p>\n<p><u>Parque Alfredo Arambillet<\/u><\/p>\n<p>09:45: Wanderers vs Villa Guadalupe<\/p>\n<p>11:30: La Lanera vs Sportivo Y\u00ed<\/p>\n<p>&nbsp; <\/p>\n","protected":false},"excerpt":{"rendered":"<p>Fueron designados\u00a0 los t\u00e9cnicos Selecci\u00f3n de Durazno 2009, 2010 y 2011 y se conocen detalles&#8230;<\/p>\n","protected":false},"author":2,"featured_media":25346,"comment_status":"closed","ping_status":"closed","sticky":false,"template":"","format":"standard","meta":{"footnotes":"","jetpack_publicize_message":"{title}\n\n{excerpt}\n\n{url}","jetpack_publicize_feature_enabled":true,"jetpack_social_post_already_shared":true,"jetpack_social_options":{"image_generator_settings":{"template":"fullscreen","default_image_id":0,"font":"","enabled":false},"version":2},"_wpas_customize_per_network":false},"categories":[78],"tags":[],"class_list":["post-25344","post","type-post","status-publish","format-standard","has-post-thumbnail","hentry","category-liga-de-futbol-infantil"],"jetpack_publicize_connections":[],"_links":{"self":[{"href":"https:\/\/duraznohoy.com\/index.php?rest_route=\/wp\/v2\/posts\/25344","targetHints":{"allow":["GET"]}}],"collection":[{"href":"https:\/\/duraznohoy.com\/index.php?rest_route=\/wp\/v2\/posts"}],"about":[{"href":"https:\/\/duraznohoy.com\/index.php?rest_route=\/wp\/v2\/types\/post"}],"author":[{"embeddable":true,"href":"https:\/\/duraznohoy.com\/index.php?rest_route=\/wp\/v2\/users\/2"}],"replies":[{"embeddable":true,"href":"https:\/\/duraznohoy.com\/index.php?rest_route=%2Fwp%2Fv2%2Fcomments&post=25344"}],"version-history":[{"count":0,"href":"https:\/\/duraznohoy.com\/index.php?rest_route=\/wp\/v2\/posts\/25344\/revisions"}],"wp:featuredmedia":[{"embeddable":true,"href":"https:\/\/duraznohoy.com\/index.php?rest_route=\/wp\/v2\/media\/25346"}],"wp:attachment":[{"href":"https:\/\/duraznohoy.com\/index.php?rest_route=%2Fwp%2Fv2%2Fmedia&parent=25344"}],"wp:term":[{"taxonomy":"category","embeddable":true,"href":"https:\/\/duraznohoy.com\/index.php?rest_route=%2Fwp%2Fv2%2Fcategories&post=25344"},{"taxonomy":"post_tag","embeddable":true,"href":"https:\/\/duraznohoy.com\/index.php?rest_route=%2Fwp%2Fv2%2Ftags&post=25344"}],"curies":[{"name":"wp","href":"https:\/\/api.w.org\/{rel}","templated":true}]}}