{"id":25351,"date":"2021-08-27T11:31:45","date_gmt":"2021-08-27T14:31:45","guid":{"rendered":"http:\/\/duraznohoy.com\/?p=25351"},"modified":"2021-08-27T22:17:46","modified_gmt":"2021-08-28T01:17:46","slug":"el-presidente-estaria-en-durazno","status":"publish","type":"post","link":"https:\/\/duraznohoy.com\/?p=25351","title":{"rendered":"El presidente en Durazno."},"content":{"rendered":"<h3>El presidente de la Rep\u00fablica podr\u00eda llegar a Durazno en el mes de octubre.<\/h3>\n<p>El primer mandatario es probable que venga a nuestra ciudad, m\u00e1s concretamente el 12 de octubre, para el acto central conmemorativo de los 200 a\u00f1os de la fundaci\u00f3n de Durazno.<br \/>\nLa informaci\u00f3n trascendi\u00f3 desde fuentes allegadas al Dr. Luis Alberto Lacalle y seguramente le acompa\u00f1ar\u00e1 el ministro de Cultura Pablo Da Silveira. <\/p>\n","protected":false},"excerpt":{"rendered":"<p>El presidente de la Rep\u00fablica podr\u00eda llegar a Durazno en el mes de octubre. El&#8230;<\/p>\n","protected":false},"author":26,"featured_media":25352,"comment_status":"closed","ping_status":"closed","sticky":false,"template":"","format":"standard","meta":{"footnotes":"","jetpack_publicize_message":"{title}\n\n{excerpt}\n\n{url}","jetpack_publicize_feature_enabled":true,"jetpack_social_post_already_shared":true,"jetpack_social_options":{"image_generator_settings":{"template":"fullscreen","default_image_id":0,"font":"","enabled":false},"version":2},"_wpas_customize_per_network":false},"categories":[33],"tags":[],"class_list":["post-25351","post","type-post","status-publish","format-standard","has-post-thumbnail","hentry","category-actualidad"],"jetpack_publicize_connections":[],"_links":{"self":[{"href":"https:\/\/duraznohoy.com\/index.php?rest_route=\/wp\/v2\/posts\/25351","targetHints":{"allow":["GET"]}}],"collection":[{"href":"https:\/\/duraznohoy.com\/index.php?rest_route=\/wp\/v2\/posts"}],"about":[{"href":"https:\/\/duraznohoy.com\/index.php?rest_route=\/wp\/v2\/types\/post"}],"author":[{"embeddable":true,"href":"https:\/\/duraznohoy.com\/index.php?rest_route=\/wp\/v2\/users\/26"}],"replies":[{"embeddable":true,"href":"https:\/\/duraznohoy.com\/index.php?rest_route=%2Fwp%2Fv2%2Fcomments&post=25351"}],"version-history":[{"count":0,"href":"https:\/\/duraznohoy.com\/index.php?rest_route=\/wp\/v2\/posts\/25351\/revisions"}],"wp:featuredmedia":[{"embeddable":true,"href":"https:\/\/duraznohoy.com\/index.php?rest_route=\/wp\/v2\/media\/25352"}],"wp:attachment":[{"href":"https:\/\/duraznohoy.com\/index.php?rest_route=%2Fwp%2Fv2%2Fmedia&parent=25351"}],"wp:term":[{"taxonomy":"category","embeddable":true,"href":"https:\/\/duraznohoy.com\/index.php?rest_route=%2Fwp%2Fv2%2Fcategories&post=25351"},{"taxonomy":"post_tag","embeddable":true,"href":"https:\/\/duraznohoy.com\/index.php?rest_route=%2Fwp%2Fv2%2Ftags&post=25351"}],"curies":[{"name":"wp","href":"https:\/\/api.w.org\/{rel}","templated":true}]}}