{"id":26589,"date":"2021-10-12T08:29:30","date_gmt":"2021-10-12T11:29:30","guid":{"rendered":"http:\/\/duraznohoy.com\/?p=26589"},"modified":"2021-10-12T08:29:30","modified_gmt":"2021-10-12T11:29:30","slug":"hoy-siguen-los-festejos","status":"publish","type":"post","link":"https:\/\/duraznohoy.com\/?p=26589","title":{"rendered":"Hoy siguen los festejos"},"content":{"rendered":"<p><img loading=\"lazy\" decoding=\"async\" class=\"alignnone size-medium wp-image-26590\" src=\"https:\/\/duraznohoy.com\/wp-content\/uploads\/2021\/10\/SAVE_20211012_082628-300x199.jpg\" alt=\"\" width=\"300\" height=\"199\" srcset=\"https:\/\/duraznohoy.com\/wp-content\/uploads\/2021\/10\/SAVE_20211012_082628-300x199.jpg 300w, https:\/\/duraznohoy.com\/wp-content\/uploads\/2021\/10\/SAVE_20211012_082628-1024x678.jpg 1024w, https:\/\/duraznohoy.com\/wp-content\/uploads\/2021\/10\/SAVE_20211012_082628-768x508.jpg 768w, https:\/\/duraznohoy.com\/wp-content\/uploads\/2021\/10\/SAVE_20211012_082628-1536x1017.jpg 1536w, https:\/\/duraznohoy.com\/wp-content\/uploads\/2021\/10\/SAVE_20211012_082628.jpg 1600w\" sizes=\"auto, (max-width: 300px) 100vw, 300px\" \/><\/p>\n<p>Los festejos del bicentenario contin\u00faan hoy a la hora 10.00 en Plaza Independencia, con un programa al que asistir\u00e1 el Presidente de la Rep\u00fablica, Luis Lacalle Pou, ministros, embajadores, legisladores, dem\u00e1s autoridades, p\u00fablico en general y medios de comunicaci\u00f3n.<\/p>\n<p>La oratoria estar\u00e1 a cargo del Intendente Carmelo Vidal\u00edn y del Presidente Lacalle Pou, continuando con la colocaci\u00f3n de una ofrenda floral, descubrimiento de una placa alusiva a la fecha y desfile por calle Manuel Oribe<\/p>\n<p>Ayer la vigilia\u00a0 se cumpli\u00f3 desde la hora 20.00 con gran marco de p\u00fablico en Plaza Independencia, con representaciones art\u00edsticas frente a los edificios hist\u00f3ricos en torno a la manzana N\u00b01.<\/p>\n<p>Al aproximarse a la hora 00.00 con un conteo regresivo a coro por parte del p\u00fablico, el sonar de las campanas de la Iglesia San Pedro del Durazno, y la iluminaci\u00f3n colorida y rob\u00f3tica de las fachadas de los edificios originarios de la \u00e9poca fundacional de la Villa San Pedro del Durazno de 1821, el esperado d\u00eda lleg\u00f3. <\/p>\n","protected":false},"excerpt":{"rendered":"<p>Los festejos del bicentenario contin\u00faan hoy a la hora 10.00 en Plaza Independencia, con un&#8230;<\/p>\n","protected":false},"author":26,"featured_media":26590,"comment_status":"closed","ping_status":"closed","sticky":false,"template":"","format":"standard","meta":{"footnotes":"","jetpack_publicize_message":"{title}\n\n{excerpt}\n\n{url}","jetpack_publicize_feature_enabled":true,"jetpack_social_post_already_shared":true,"jetpack_social_options":{"image_generator_settings":{"template":"fullscreen","default_image_id":0,"font":"","enabled":false},"version":2},"_wpas_customize_per_network":false},"categories":[33],"tags":[],"class_list":["post-26589","post","type-post","status-publish","format-standard","has-post-thumbnail","hentry","category-actualidad"],"jetpack_publicize_connections":[],"_links":{"self":[{"href":"https:\/\/duraznohoy.com\/index.php?rest_route=\/wp\/v2\/posts\/26589","targetHints":{"allow":["GET"]}}],"collection":[{"href":"https:\/\/duraznohoy.com\/index.php?rest_route=\/wp\/v2\/posts"}],"about":[{"href":"https:\/\/duraznohoy.com\/index.php?rest_route=\/wp\/v2\/types\/post"}],"author":[{"embeddable":true,"href":"https:\/\/duraznohoy.com\/index.php?rest_route=\/wp\/v2\/users\/26"}],"replies":[{"embeddable":true,"href":"https:\/\/duraznohoy.com\/index.php?rest_route=%2Fwp%2Fv2%2Fcomments&post=26589"}],"version-history":[{"count":0,"href":"https:\/\/duraznohoy.com\/index.php?rest_route=\/wp\/v2\/posts\/26589\/revisions"}],"wp:featuredmedia":[{"embeddable":true,"href":"https:\/\/duraznohoy.com\/index.php?rest_route=\/wp\/v2\/media\/26590"}],"wp:attachment":[{"href":"https:\/\/duraznohoy.com\/index.php?rest_route=%2Fwp%2Fv2%2Fmedia&parent=26589"}],"wp:term":[{"taxonomy":"category","embeddable":true,"href":"https:\/\/duraznohoy.com\/index.php?rest_route=%2Fwp%2Fv2%2Fcategories&post=26589"},{"taxonomy":"post_tag","embeddable":true,"href":"https:\/\/duraznohoy.com\/index.php?rest_route=%2Fwp%2Fv2%2Ftags&post=26589"}],"curies":[{"name":"wp","href":"https:\/\/api.w.org\/{rel}","templated":true}]}}