{"id":26595,"date":"2021-10-12T08:37:51","date_gmt":"2021-10-12T11:37:51","guid":{"rendered":"http:\/\/duraznohoy.com\/?p=26595"},"modified":"2021-10-12T08:37:51","modified_gmt":"2021-10-12T11:37:51","slug":"por-la-salud-mental","status":"publish","type":"post","link":"https:\/\/duraznohoy.com\/?p=26595","title":{"rendered":"Por la salud mental"},"content":{"rendered":"<p><img loading=\"lazy\" decoding=\"async\" class=\"alignnone size-medium wp-image-26596\" src=\"https:\/\/duraznohoy.com\/wp-content\/uploads\/2021\/10\/Identidad-visual-DMSM-2021-VERTICAL_Baja-1-scaled-1-300x498.jpg\" alt=\"\" width=\"300\" height=\"498\" srcset=\"https:\/\/duraznohoy.com\/wp-content\/uploads\/2021\/10\/Identidad-visual-DMSM-2021-VERTICAL_Baja-1-scaled-1-300x498.jpg 300w, https:\/\/duraznohoy.com\/wp-content\/uploads\/2021\/10\/Identidad-visual-DMSM-2021-VERTICAL_Baja-1-scaled-1-617x1024.jpg 617w, https:\/\/duraznohoy.com\/wp-content\/uploads\/2021\/10\/Identidad-visual-DMSM-2021-VERTICAL_Baja-1-scaled-1-768x1275.jpg 768w, https:\/\/duraznohoy.com\/wp-content\/uploads\/2021\/10\/Identidad-visual-DMSM-2021-VERTICAL_Baja-1-scaled-1-925x1536.jpg 925w, https:\/\/duraznohoy.com\/wp-content\/uploads\/2021\/10\/Identidad-visual-DMSM-2021-VERTICAL_Baja-1-scaled-1-1234x2048.jpg 1234w, https:\/\/duraznohoy.com\/wp-content\/uploads\/2021\/10\/Identidad-visual-DMSM-2021-VERTICAL_Baja-1-scaled-1-1024x1700.jpg 1024w, https:\/\/duraznohoy.com\/wp-content\/uploads\/2021\/10\/Identidad-visual-DMSM-2021-VERTICAL_Baja-1-scaled-1.jpg 1542w\" sizes=\"auto, (max-width: 300px) 100vw, 300px\" \/><\/p>\n<p>Hoy martes 12 de octubre, a las 12.30hs., se llevar\u00e1 a cabo una actividad con ocasi\u00f3n del D\u00eda Mundial de la Salud Mental que se conmemor\u00f3 el pasado domingo 10. Este a\u00f1o el lema es: \u201cAtenci\u00f3n de salud mental para todos: hag\u00e1mosla realidad\u201d.<\/p>\n<p>En la actividad estar\u00e1n presentes el ministro de Salud P\u00fablica, Daniel Salinas; el ministro del Ministerio de Desarrollo Social, Mart\u00edn Lema; el representante de la Organizaci\u00f3n Panamericana de la Salud (OPS), Hern\u00e1n Montenegro, el presidente de la Instituci\u00f3n Nacional de Derechos Humanos, Juan Faroppa y el responsable del Programa de Salud Mental del Ministerio de Salud P\u00fablica (MSP), Horacio Porci\u00fancula.<\/p>\n<p>La actividad se trasmitir\u00e1 tambi\u00e9n por el canal de YouTube del MSP. <\/p>\n","protected":false},"excerpt":{"rendered":"<p>Hoy martes 12 de octubre, a las 12.30hs., se llevar\u00e1 a cabo una actividad con&#8230;<\/p>\n","protected":false},"author":26,"featured_media":26596,"comment_status":"closed","ping_status":"closed","sticky":false,"template":"","format":"standard","meta":{"footnotes":"","jetpack_publicize_message":"{title}\n\n{excerpt}\n\n{url}","jetpack_publicize_feature_enabled":true,"jetpack_social_post_already_shared":true,"jetpack_social_options":{"image_generator_settings":{"template":"fullscreen","default_image_id":0,"font":"","enabled":false},"version":2},"_wpas_customize_per_network":false},"categories":[33],"tags":[],"class_list":["post-26595","post","type-post","status-publish","format-standard","has-post-thumbnail","hentry","category-actualidad"],"jetpack_publicize_connections":[],"_links":{"self":[{"href":"https:\/\/duraznohoy.com\/index.php?rest_route=\/wp\/v2\/posts\/26595","targetHints":{"allow":["GET"]}}],"collection":[{"href":"https:\/\/duraznohoy.com\/index.php?rest_route=\/wp\/v2\/posts"}],"about":[{"href":"https:\/\/duraznohoy.com\/index.php?rest_route=\/wp\/v2\/types\/post"}],"author":[{"embeddable":true,"href":"https:\/\/duraznohoy.com\/index.php?rest_route=\/wp\/v2\/users\/26"}],"replies":[{"embeddable":true,"href":"https:\/\/duraznohoy.com\/index.php?rest_route=%2Fwp%2Fv2%2Fcomments&post=26595"}],"version-history":[{"count":0,"href":"https:\/\/duraznohoy.com\/index.php?rest_route=\/wp\/v2\/posts\/26595\/revisions"}],"wp:featuredmedia":[{"embeddable":true,"href":"https:\/\/duraznohoy.com\/index.php?rest_route=\/wp\/v2\/media\/26596"}],"wp:attachment":[{"href":"https:\/\/duraznohoy.com\/index.php?rest_route=%2Fwp%2Fv2%2Fmedia&parent=26595"}],"wp:term":[{"taxonomy":"category","embeddable":true,"href":"https:\/\/duraznohoy.com\/index.php?rest_route=%2Fwp%2Fv2%2Fcategories&post=26595"},{"taxonomy":"post_tag","embeddable":true,"href":"https:\/\/duraznohoy.com\/index.php?rest_route=%2Fwp%2Fv2%2Ftags&post=26595"}],"curies":[{"name":"wp","href":"https:\/\/api.w.org\/{rel}","templated":true}]}}