{"id":26694,"date":"2021-10-15T08:36:20","date_gmt":"2021-10-15T11:36:20","guid":{"rendered":"http:\/\/duraznohoy.com\/?p=26694"},"modified":"2021-10-15T08:36:20","modified_gmt":"2021-10-15T11:36:20","slug":"exponen-en-montevideo","status":"publish","type":"post","link":"https:\/\/duraznohoy.com\/?p=26694","title":{"rendered":"Exponen en Montevideo."},"content":{"rendered":"<p><strong><img loading=\"lazy\" decoding=\"async\" class=\"size-medium wp-image-26695 alignright\" src=\"https:\/\/duraznohoy.com\/wp-content\/uploads\/2021\/10\/EXPO-UTU-A-300x180.jpg\" alt=\"\" width=\"300\" height=\"180\" srcset=\"https:\/\/duraznohoy.com\/wp-content\/uploads\/2021\/10\/EXPO-UTU-A-300x180.jpg 300w, https:\/\/duraznohoy.com\/wp-content\/uploads\/2021\/10\/EXPO-UTU-A.jpg 673w\" sizes=\"auto, (max-width: 300px) 100vw, 300px\" \/>Cecilia H\u00e9mala y Dardo Curbelo\u00a0 de Durazno participan desde hoy en la Primera muestra de obras de artistas nacionales \u00ab19 uruguayos\u00bb en el Centro Cultural de UTU de Montevideo.\u00a0<\/strong><\/p>\n<p>La inauguraci\u00f3n del <em><strong>\u201cProyecto 19 uruguayos. Artistas visuales y escultores\u201d<\/strong><\/em>, quedar\u00e1 inaugurada este viernes 15 de octubre a las 16:00 en el Centro Cultural de UTU \u201cPedro Figari\u201d, ubicado en el edificio central de la instituci\u00f3n, San Salvador 1674 (Montevideo).<\/p>\n<p>Se presentar\u00e1 el proyecto y dos publicaciones de libros en el marco del mismo. Asimismo, se inaugurar\u00e1 una muestra con obras de artistas nacionales de todo el pa\u00eds. Hablar\u00e1n la inspectora de historia Prof. Sandra Chelentano y el licenciado en artes, Prof. Jorge Castro Reyes.<\/p>\n<p>Las obras que se expondr\u00e1n son de los siguientes artistas:\u00a0Karina Carrara &#8211; Salto, Diego Santurio &#8211; Salto, Wilson Bueno &#8211; Paysand\u00fa, Alejandra Elena &#8211; Tacuaremb\u00f3, Cristina Galeano &#8211; Soriano, Ariel Galain &#8211; Soriano, <strong>Cecilia H\u00e9mala &#8211; Durazno<\/strong>, Jorge Castro Reyes &#8211; San Jos\u00e9, D\u00e9borah Gonz\u00e1lez &#8211; Rocha, Gissella Garc\u00eda &#8211; Maldonado, Juan Antonio Cavo &#8211; Canelones, Tania Astapenco &#8211; Montevideo, Carmen Garayalde &#8211; Montevideo, Luis Alberto Ospitaleche &#8211; Rivera, Victoria Abreu &#8211; Lavalleja, Fernando Stevenazzi &#8211; Tacuaremb\u00f3, Nicol\u00e1s Fari\u00f1a &#8211; Cerro Largo y <strong>Dardo Curbelo<\/strong> &#8211; Durazno.<br \/>\nLa muestra estar\u00e1 abierta durante todo el mes de octubre.<\/p>\n<p><strong>\u00bfC\u00f3mo surgi\u00f3 el proyecto?<\/strong><br \/>\n<em>\u201cProyecto 19 uruguayos. Artistas visuales y escultores\u201d<\/em> naci\u00f3 de un curso de actualizaci\u00f3n online sobre arte nacional para docentes de todo el pa\u00eds (\u201cHerramientas para una did\u00e1ctica en arte\u201d), realizado a trav\u00e9s de la plataforma CREA de Ceibal.<br \/>\nLos docentes participantes del curso crearon una base de datos con mujeres artistas pl\u00e1sticas visuales y escultores de cada departamento, que fueran de referencia en el lugar, o que tuvieran alg\u00fan v\u00ednculo con la sociedad local.<br \/>\nDe esta base de datos surgen los dos libros que ser\u00e1n presentados en el evento, donde obras de dichos artistas estar\u00e1n expuestas<\/p>\n<p>&nbsp; <\/p>\n","protected":false},"excerpt":{"rendered":"<p>Cecilia H\u00e9mala y Dardo Curbelo\u00a0 de Durazno participan desde hoy en la Primera muestra de&#8230;<\/p>\n","protected":false},"author":2,"featured_media":26696,"comment_status":"closed","ping_status":"closed","sticky":false,"template":"","format":"standard","meta":{"footnotes":"","jetpack_publicize_message":"{title}\n\n{excerpt}\n\n{url}","jetpack_publicize_feature_enabled":true,"jetpack_social_post_already_shared":true,"jetpack_social_options":{"image_generator_settings":{"template":"fullscreen","default_image_id":0,"font":"","enabled":false},"version":2},"_wpas_customize_per_network":false},"categories":[33,22],"tags":[],"class_list":["post-26694","post","type-post","status-publish","format-standard","has-post-thumbnail","hentry","category-actualidad","category-cultura"],"jetpack_publicize_connections":[],"_links":{"self":[{"href":"https:\/\/duraznohoy.com\/index.php?rest_route=\/wp\/v2\/posts\/26694","targetHints":{"allow":["GET"]}}],"collection":[{"href":"https:\/\/duraznohoy.com\/index.php?rest_route=\/wp\/v2\/posts"}],"about":[{"href":"https:\/\/duraznohoy.com\/index.php?rest_route=\/wp\/v2\/types\/post"}],"author":[{"embeddable":true,"href":"https:\/\/duraznohoy.com\/index.php?rest_route=\/wp\/v2\/users\/2"}],"replies":[{"embeddable":true,"href":"https:\/\/duraznohoy.com\/index.php?rest_route=%2Fwp%2Fv2%2Fcomments&post=26694"}],"version-history":[{"count":0,"href":"https:\/\/duraznohoy.com\/index.php?rest_route=\/wp\/v2\/posts\/26694\/revisions"}],"wp:featuredmedia":[{"embeddable":true,"href":"https:\/\/duraznohoy.com\/index.php?rest_route=\/wp\/v2\/media\/26696"}],"wp:attachment":[{"href":"https:\/\/duraznohoy.com\/index.php?rest_route=%2Fwp%2Fv2%2Fmedia&parent=26694"}],"wp:term":[{"taxonomy":"category","embeddable":true,"href":"https:\/\/duraznohoy.com\/index.php?rest_route=%2Fwp%2Fv2%2Fcategories&post=26694"},{"taxonomy":"post_tag","embeddable":true,"href":"https:\/\/duraznohoy.com\/index.php?rest_route=%2Fwp%2Fv2%2Ftags&post=26694"}],"curies":[{"name":"wp","href":"https:\/\/api.w.org\/{rel}","templated":true}]}}