{"id":26698,"date":"2021-10-15T08:41:17","date_gmt":"2021-10-15T11:41:17","guid":{"rendered":"http:\/\/duraznohoy.com\/?p=26698"},"modified":"2021-10-15T08:41:17","modified_gmt":"2021-10-15T11:41:17","slug":"curso-de-inefop","status":"publish","type":"post","link":"https:\/\/duraznohoy.com\/?p=26698","title":{"rendered":"Curso de INEFOP"},"content":{"rendered":"<p><img loading=\"lazy\" decoding=\"async\" class=\"alignnone size-medium wp-image-26699\" src=\"https:\/\/duraznohoy.com\/wp-content\/uploads\/2021\/10\/INEFOP-300x251.png\" alt=\"\" width=\"300\" height=\"251\" srcset=\"https:\/\/duraznohoy.com\/wp-content\/uploads\/2021\/10\/INEFOP-300x251.png 300w, https:\/\/duraznohoy.com\/wp-content\/uploads\/2021\/10\/INEFOP-768x644.png 768w, https:\/\/duraznohoy.com\/wp-content\/uploads\/2021\/10\/INEFOP.png 940w\" sizes=\"auto, (max-width: 300px) 100vw, 300px\" \/><\/p>\n<p class=\"x_MsoNormal\" align=\"center\">Inefop est\u00e1 convocando a organizaciones de desarrollo empresarial (ODES) para apoyarlas en la propuesta y desarrollo de \u00abTalleres para la reactivaci\u00f3n\u00bb, cuyo objetivo es reactivar empresas y emprendimientos afectados por la crisis sanitaria.<\/p>\n<p class=\"x_MsoNormal\" align=\"center\">Se busca contribuir a mejorar las competencias empresariales de integrantes de micro, peque\u00f1as y medianas empresas que tengan la necesidad de reactivar su negocio a ra\u00edz de la dif\u00edcil situaci\u00f3n econ\u00f3mica vivida. INEFOP financia parte del taller.<\/p>\n<p class=\"x_MsoNormal\" align=\"center\">Este llamado est\u00e1 dirigido a Organizaciones sin fines de lucro dedicadas al desarrollo empresarial y el plazo de presentaci\u00f3n vence el\u00a020 de octubre de 2021 a las 23:59.<\/p>\n<p class=\"x_MsoNormal\" align=\"center\">Para completar la postulaci\u00f3n se debe completar el formulario de postulaci\u00f3n online disponible en el siguiente link:<\/p>\n<p class=\"x_MsoNormal\" align=\"center\"><a href=\"https:\/\/forms.office.com\/r\/CVXDjCuUuP\" target=\"_blank\" rel=\"noopener noreferrer\" data-auth=\"NotApplicable\" data-linkindex=\"0\">https:\/\/forms.office.com\/r\/CVXDjCuUuP <\/a>\u00a0y enviar un mensaje a <a href=\"mailto:llamadosempresas@inefop.org.uy\" target=\"_blank\" rel=\"noopener noreferrer\" data-auth=\"NotApplicable\" data-linkindex=\"1\">llamadosempresas@inefop.org.uy<\/a> \u00a0indicando en Asunto el nombre de la organizaci\u00f3n y el llamado para el cual postula ademas de la propuesta de taller o talleres a dictar, calendario de ejecuci\u00f3n que deber\u00e1 estar comprendido entre el 08\/11 al 10\/12 y \u00a0CV de los instructores a cargo de la facilitaci\u00f3n de los talleres.<\/p>\n","protected":false},"excerpt":{"rendered":"<p>Inefop est\u00e1 convocando a organizaciones de desarrollo empresarial (ODES) para apoyarlas en la propuesta y&#8230;<\/p>\n","protected":false},"author":26,"featured_media":26699,"comment_status":"closed","ping_status":"closed","sticky":false,"template":"","format":"standard","meta":{"footnotes":"","jetpack_publicize_message":"{title}\n\n{excerpt}\n\n{url}","jetpack_publicize_feature_enabled":true,"jetpack_social_post_already_shared":true,"jetpack_social_options":{"image_generator_settings":{"template":"fullscreen","default_image_id":0,"font":"","enabled":false},"version":2},"_wpas_customize_per_network":false},"categories":[33],"tags":[],"class_list":["post-26698","post","type-post","status-publish","format-standard","has-post-thumbnail","hentry","category-actualidad"],"jetpack_publicize_connections":[],"_links":{"self":[{"href":"https:\/\/duraznohoy.com\/index.php?rest_route=\/wp\/v2\/posts\/26698","targetHints":{"allow":["GET"]}}],"collection":[{"href":"https:\/\/duraznohoy.com\/index.php?rest_route=\/wp\/v2\/posts"}],"about":[{"href":"https:\/\/duraznohoy.com\/index.php?rest_route=\/wp\/v2\/types\/post"}],"author":[{"embeddable":true,"href":"https:\/\/duraznohoy.com\/index.php?rest_route=\/wp\/v2\/users\/26"}],"replies":[{"embeddable":true,"href":"https:\/\/duraznohoy.com\/index.php?rest_route=%2Fwp%2Fv2%2Fcomments&post=26698"}],"version-history":[{"count":0,"href":"https:\/\/duraznohoy.com\/index.php?rest_route=\/wp\/v2\/posts\/26698\/revisions"}],"wp:featuredmedia":[{"embeddable":true,"href":"https:\/\/duraznohoy.com\/index.php?rest_route=\/wp\/v2\/media\/26699"}],"wp:attachment":[{"href":"https:\/\/duraznohoy.com\/index.php?rest_route=%2Fwp%2Fv2%2Fmedia&parent=26698"}],"wp:term":[{"taxonomy":"category","embeddable":true,"href":"https:\/\/duraznohoy.com\/index.php?rest_route=%2Fwp%2Fv2%2Fcategories&post=26698"},{"taxonomy":"post_tag","embeddable":true,"href":"https:\/\/duraznohoy.com\/index.php?rest_route=%2Fwp%2Fv2%2Ftags&post=26698"}],"curies":[{"name":"wp","href":"https:\/\/api.w.org\/{rel}","templated":true}]}}