{"id":26715,"date":"2021-10-15T14:39:45","date_gmt":"2021-10-15T17:39:45","guid":{"rendered":"http:\/\/duraznohoy.com\/?p=26715"},"modified":"2021-10-15T14:39:45","modified_gmt":"2021-10-15T17:39:45","slug":"violencia-domestica-y-hurto","status":"publish","type":"post","link":"https:\/\/duraznohoy.com\/?p=26715","title":{"rendered":"Violencia dom\u00e9stica y hurto."},"content":{"rendered":"<p><strong>Un hombre fue a la c\u00e1rcel por violencia domestica y otros dos fueron formalizados por desacato y hurto.<\/strong><\/p>\n<p>El informe de Jefatura de Polic\u00eda se\u00f1ala:<\/p>\n<p>En horas de la noche del d\u00eda mi\u00e9rcoles pr\u00f3ximo pasado se tom\u00f3 conocimiento en el Centro de Comando Unificado Departamental que en una finca sita en jurisdicci\u00f3n de Comisaria 13era, se estar\u00eda originando un problema familiar y el masculino estar\u00eda incumpliendo las medidas cautelares dispuestas por la justicia competente. Atento a lo expuesto, personal de la Comisaria 13era, concurre al lugar realizando el procedimiento correspondiente, logrando la detenci\u00f3n del agresor el cual es poseedor de antecedentes judiciales, deriv\u00e1ndose el procedimiento a la Comisaria Especializada en Violencia Domestica y Genero I, enter\u00e1ndose a la fiscal\u00eda competente. Conducido ante la justicia competente, la misma dispuso la formaliz\u00f3 de la investigaci\u00f3n por la cual se lo condeno \u201ccomo autor penalmente responsable de un delito continuado de violencia domestica uno de ellos en concurso formal con un delito de lesiones personales en reiteraci\u00f3n real con reiterados delitos de desacato agravados\u201d, a la pena de 12 meses de prisi\u00f3n, la que se cumplir\u00e1 en r\u00e9gimen de libertad a prueba.<\/p>\n<p><strong>Desacato y da\u00f1os<\/strong><\/p>\n<p>En horas de la madrugada del pasado d\u00eda 25 de mayo del corriente a\u00f1o, en momentos que personal de tr\u00e1nsito de la Comuna se encontraba con personal del Grupo de Respuesta y Patrullaje realizando controles en materia de seguridad vial en calle Lavalleja y Laguna, advirtieron una camioneta guiada por un masculino el cual no respeto las indicaciones de los inspectores d\u00e1ndose a la fuga; de forma inmediata personal de Polic\u00eda de Tr\u00e1nsito de esta Jefatura procedi\u00f3 a la detenci\u00f3n del veh\u00edculo infractor el cual colisiona al m\u00f3vil policial, para posterior bajarse de su conducido y arremeter contra los polic\u00edas, debiendo ser reducido a viva fuerza, resultando ser un hombre mayor de edad, a posterior se le realiz\u00f3 prueba de espirometr\u00eda la cual dio resultado positivo. Siendo enterada en su momento la fiscal\u00eda competente. D\u00eda de ayer se llev\u00f3 a cabo audiencia en el juzgado correspondiente, donde al t\u00e9rmino de la misma se dispuso la formalizaci\u00f3n de la investigaci\u00f3n para el masculino \u201cPor la presunta comisi\u00f3n de un delito de desacato en reiteraci\u00f3n real con un delito de da\u00f1o, en calidad de autor\u201d. Asimismo, se comunica que por decreto N\u00ba 1299\/2021 se le impuso como medida cautelar por el plazo de 90 d\u00edas: 1- El deber de fijar domicilio. 2- Arresto domiciliario nocturno comprendido entre el horario de 23:00 a 06:00.<\/p>\n<p><strong>Hurto y porte y tenencia de arma no autorizada<\/strong>.<\/p>\n<p>Pr\u00f3ximo a la hora 12:25 del d\u00eda de ayer se tom\u00f3 conocimiento v\u00eda telef\u00f3nica en Comisar\u00eda 1era, por parte de un masculino mayor de edad, el cual manifest\u00f3 que en circunstancias que estaciona su veh\u00edculo en calle Zagnoli se le aperson\u00f3 un adolescente quien le exhibi\u00f3 un arma de fuego amenaz\u00e1ndolo, retir\u00e1ndose del lugar en direcci\u00f3n a calle 18 de julio, aportando que el mismo vest\u00eda gorro color rosado, championes color celeste y mochila color rosada. Atento a lo expuesto y de forma inmediata personal de la Unidad antes mencionada concurri\u00f3 al lugar procediendo a la detenci\u00f3n en las inmediaciones de un adolescente de 16 a\u00f1os de edad el cual es poseedor de varias intervenciones policiales, quien al ver la presencia policial se desacat\u00f3 debiendo ser reducido a viva fuerza, procedi\u00e9ndose a la incautaci\u00f3n de un arma de fuego (rev\u00f3lver calibre 38), la cual hab\u00eda hurtado el d\u00eda anterior. Es de hacer constar que el adolescente ya hab\u00eda dado intervenci\u00f3n en relaci\u00f3n al hurto de una moto. Siendo entrada de los acontecimientos la fiscal\u00eda correspondiente. Conducido ante la justicia competente, al t\u00e9rmino de la audiencia se dispuso la formalizaci\u00f3n de la investigaci\u00f3n \u201cPor la presunta comisi\u00f3n de dos infracciones graves a la ley penal tipificada una como un delito de hurto especialmente agravado en reiteraci\u00f3n real con un delito de porte y tenencia de armas de fuego, en calidad de autor\u201d. Asimismo, se dispuso la medida cautelar solicitada de fijaci\u00f3n de domicilio y arresto domiciliario nocturno en el horario comprendido entre las 22:00 a las 07:00 del d\u00eda siguiente. Quedando vigentes hasta el 13 de diciembre de 2021 a las 23:59 horas. <\/p>\n","protected":false},"excerpt":{"rendered":"<p>Un hombre fue a la c\u00e1rcel por violencia domestica y otros dos fueron formalizados por&#8230;<\/p>\n","protected":false},"author":2,"featured_media":26716,"comment_status":"closed","ping_status":"closed","sticky":false,"template":"","format":"standard","meta":{"footnotes":"","jetpack_publicize_message":"{title}\n\n{excerpt}\n\n{url}","jetpack_publicize_feature_enabled":true,"jetpack_social_post_already_shared":true,"jetpack_social_options":{"image_generator_settings":{"template":"fullscreen","default_image_id":0,"font":"","enabled":false},"version":2},"_wpas_customize_per_network":false},"categories":[21],"tags":[],"class_list":["post-26715","post","type-post","status-publish","format-standard","has-post-thumbnail","hentry","category-policiales"],"jetpack_publicize_connections":[],"_links":{"self":[{"href":"https:\/\/duraznohoy.com\/index.php?rest_route=\/wp\/v2\/posts\/26715","targetHints":{"allow":["GET"]}}],"collection":[{"href":"https:\/\/duraznohoy.com\/index.php?rest_route=\/wp\/v2\/posts"}],"about":[{"href":"https:\/\/duraznohoy.com\/index.php?rest_route=\/wp\/v2\/types\/post"}],"author":[{"embeddable":true,"href":"https:\/\/duraznohoy.com\/index.php?rest_route=\/wp\/v2\/users\/2"}],"replies":[{"embeddable":true,"href":"https:\/\/duraznohoy.com\/index.php?rest_route=%2Fwp%2Fv2%2Fcomments&post=26715"}],"version-history":[{"count":0,"href":"https:\/\/duraznohoy.com\/index.php?rest_route=\/wp\/v2\/posts\/26715\/revisions"}],"wp:featuredmedia":[{"embeddable":true,"href":"https:\/\/duraznohoy.com\/index.php?rest_route=\/wp\/v2\/media\/26716"}],"wp:attachment":[{"href":"https:\/\/duraznohoy.com\/index.php?rest_route=%2Fwp%2Fv2%2Fmedia&parent=26715"}],"wp:term":[{"taxonomy":"category","embeddable":true,"href":"https:\/\/duraznohoy.com\/index.php?rest_route=%2Fwp%2Fv2%2Fcategories&post=26715"},{"taxonomy":"post_tag","embeddable":true,"href":"https:\/\/duraznohoy.com\/index.php?rest_route=%2Fwp%2Fv2%2Ftags&post=26715"}],"curies":[{"name":"wp","href":"https:\/\/api.w.org\/{rel}","templated":true}]}}