{"id":26732,"date":"2021-10-16T10:55:36","date_gmt":"2021-10-16T13:55:36","guid":{"rendered":"http:\/\/duraznohoy.com\/?p=26732"},"modified":"2021-10-16T10:55:36","modified_gmt":"2021-10-16T13:55:36","slug":"mujer-rural-fondo-de-garantia-especial","status":"publish","type":"post","link":"https:\/\/duraznohoy.com\/?p=26732","title":{"rendered":"Mujer Rural: fondo de garant\u00eda especial."},"content":{"rendered":"<p><strong>En el D\u00eda Internacional de la Mujer Rural conmemorado este viernes, la Agencia Nacional de Desarrollo anunci\u00f3 la creaci\u00f3n de un fondo de garant\u00edas espec\u00edfico para mujeres rurales y del agro, destinado a facilitar el acceso a cr\u00e9ditos a emprendimientos en el sector.<\/strong><\/p>\n<p>El instrumento se dise\u00f1a conjuntamente con el Ministerio de Econom\u00eda y Finanzas y la Direcci\u00f3n General de Desarrollo Rural del Ministerio de Ganader\u00eda Agricultura y Pesca.<\/p>\n<p>Esta l\u00ednea especial de garant\u00edas para mujeres rurales, podr\u00e1 ser utilizada por las m\u00e1s de 16.000 mujeres que integran el Registro de Productores Familiares del MGAP. La iniciativa se complementa con talleres de educaci\u00f3n financiera para mujeres rurales con actividad empresarial, para los que ya se han inscripto 350 participantes de todo el pa\u00eds.<\/p>\n<p>El anuncio tuvo lugar en el departamento de Artigas, al celebrarse el D\u00eda Internacional de la Mujer Rural. El directorio en pleno de la Agencia Nacional de Desarrollo (ANDE) presidido por Carmen S\u00e1nchez junto a los directores Mart\u00edn Ambrosi y Federico Perdomo, particip\u00f3 del acto nacional celebrado en el norte del pa\u00eds.<\/p>\n<p>En la oportunidad, la presidenta de ANDE Carmen S\u00e1nchez anunci\u00f3 la creaci\u00f3n del mencionado fondo de garant\u00edas destinado a mujeres rurales y del agro, cuyo objetivo es minimizar las restricciones vinculadas a la falta de garant\u00edas para poder acceder a cr\u00e9ditos para emprender, as\u00ed como para potenciar el desarrollo de las actividades productivas. Esta l\u00ednea de garant\u00eda ser\u00e1 operada a trav\u00e9s de instituciones de microfinanzas, as\u00ed como todas las instituciones financieras que operen el SIGA. Los cr\u00e9ditos que se podr\u00e1n garantizar con este fondo podr\u00e1n estar destinados a capital de trabajo o de inversi\u00f3n.<\/p>\n<p>Este instrumento complementar\u00e1 los talleres de Educaci\u00f3n Financiera que ya se est\u00e1n llevando adelante entre ANDE y el MGAP en todo el pa\u00eds, que cuentan con la certificaci\u00f3n de OIT (Organizaci\u00f3n Internacional del Trabajo). <em><strong>\u201cHay 350 mujeres rurales que se han inscripto, o ya est\u00e1n comenzando estos talleres, en cada uno de los 19 departamentos, por lo que entendemos es un instrumento necesario para mejorar la competitividad de nuestras mujeres rurales\u201d<\/strong><\/em>, asegur\u00f3 S\u00e1nchez. Agreg\u00f3 adem\u00e1s que <em><strong>\u201cdesde el inicio de esta administraci\u00f3n se han llevado adelante una serie de acciones vinculadas al tema de g\u00e9nero, y se trabaja seriamente en promover la igualdad de oportunidades. Este nuevo fondo de garant\u00edas es un ejemplo de ello\u201d.<\/strong><\/em><\/p>\n<p>&nbsp; <\/p>\n","protected":false},"excerpt":{"rendered":"<p>En el D\u00eda Internacional de la Mujer Rural conmemorado este viernes, la Agencia Nacional de&#8230;<\/p>\n","protected":false},"author":2,"featured_media":26733,"comment_status":"closed","ping_status":"closed","sticky":false,"template":"","format":"standard","meta":{"footnotes":"","jetpack_publicize_message":"{title}\n\n{excerpt}\n\n{url}","jetpack_publicize_feature_enabled":true,"jetpack_social_post_already_shared":true,"jetpack_social_options":{"image_generator_settings":{"template":"fullscreen","default_image_id":0,"font":"","enabled":false},"version":2},"_wpas_customize_per_network":false},"categories":[33],"tags":[],"class_list":["post-26732","post","type-post","status-publish","format-standard","has-post-thumbnail","hentry","category-actualidad"],"jetpack_publicize_connections":[],"_links":{"self":[{"href":"https:\/\/duraznohoy.com\/index.php?rest_route=\/wp\/v2\/posts\/26732","targetHints":{"allow":["GET"]}}],"collection":[{"href":"https:\/\/duraznohoy.com\/index.php?rest_route=\/wp\/v2\/posts"}],"about":[{"href":"https:\/\/duraznohoy.com\/index.php?rest_route=\/wp\/v2\/types\/post"}],"author":[{"embeddable":true,"href":"https:\/\/duraznohoy.com\/index.php?rest_route=\/wp\/v2\/users\/2"}],"replies":[{"embeddable":true,"href":"https:\/\/duraznohoy.com\/index.php?rest_route=%2Fwp%2Fv2%2Fcomments&post=26732"}],"version-history":[{"count":0,"href":"https:\/\/duraznohoy.com\/index.php?rest_route=\/wp\/v2\/posts\/26732\/revisions"}],"wp:featuredmedia":[{"embeddable":true,"href":"https:\/\/duraznohoy.com\/index.php?rest_route=\/wp\/v2\/media\/26733"}],"wp:attachment":[{"href":"https:\/\/duraznohoy.com\/index.php?rest_route=%2Fwp%2Fv2%2Fmedia&parent=26732"}],"wp:term":[{"taxonomy":"category","embeddable":true,"href":"https:\/\/duraznohoy.com\/index.php?rest_route=%2Fwp%2Fv2%2Fcategories&post=26732"},{"taxonomy":"post_tag","embeddable":true,"href":"https:\/\/duraznohoy.com\/index.php?rest_route=%2Fwp%2Fv2%2Ftags&post=26732"}],"curies":[{"name":"wp","href":"https:\/\/api.w.org\/{rel}","templated":true}]}}