{"id":26735,"date":"2021-10-16T11:15:46","date_gmt":"2021-10-16T14:15:46","guid":{"rendered":"http:\/\/duraznohoy.com\/?p=26735"},"modified":"2021-10-16T11:15:46","modified_gmt":"2021-10-16T14:15:46","slug":"camedur-en-el-mes-de-prevencion-de-cancer-de-mama","status":"publish","type":"post","link":"https:\/\/duraznohoy.com\/?p=26735","title":{"rendered":"CAMEDUR en el mes de prevenci\u00f3n de c\u00e1ncer de mama."},"content":{"rendered":"<p><em><strong>Durante todo el mes CAMEDUR se adhiere por medio de las siguientes actividades y convocatorias a la prevenci\u00f3n del c\u00e1ncer de mama: decoraci\u00f3n de policl\u00ednica y de entrada de sanatorio; colocaci\u00f3n de banner institucional en entrada de policl\u00ednica y sanatorio; uso de lazos rosas en la solapa del uniforme por parte de todos los funcionarios; colocaci\u00f3n de lazos rosas anchos en puertas de distintos sectores del sanatorio y policl\u00ednica; uso de tapabocas rosados por parte del personal.<\/strong><\/em><\/p>\n<p>Otras actividades programadas son, difusi\u00f3n de charla grabada de la Dra. Paredes en redes sociales de Camedur y en televisores en sala de espera; difusi\u00f3n de spot realizado por la instituci\u00f3n del 2020 en las redes y en los televisores; jornada de Capacitaci\u00f3n en C\u00e1ncer de Mama dirigido a personal M\u00e9dico y T\u00e9cnico, el d\u00eda mi\u00e9rcoles 20 de octubre a la hora 12.00 en la sala de reuniones de policl\u00ednica de Camedur.<\/p>\n<p>Los temas a tratar ser\u00e1n: Imagenolog\u00eda mamaria; detecci\u00f3n temprana y diagn\u00f3stico de c\u00e1ncer de mama, por la Dra. Soledad Milans.<\/p>\n<p>\u00bfCu\u00e1ndo y c\u00f3mo realizar la derivaci\u00f3n al mast\u00f3logo?, por el Dr. Ar\u00e9valo.<\/p>\n<p>\u00bfQui\u00e9n da la informaci\u00f3n del diagn\u00f3stico? (Dr. Ar\u00e9valo).<\/p>\n<p>Intervenci\u00f3n psicol\u00f3gica durante el proceso diagn\u00f3stico, por el Psic. Pablo Hern\u00e1ndez.<\/p>\n<p>Presentaci\u00f3n de casos cl\u00ednicos, por la Dra. Patricia Paredes.<\/p>\n<p>El objetivo institucional es seguir afianzando y difundiendo la Unidad de Mastolog\u00eda de Camedur.<\/p>\n<p><strong>Parque de la hispanidad el d\u00eda 30<\/strong><\/p>\n<p>El s\u00e1bado 30 de octubre, de 15.00 a 18.00 horas en el Parque de la Hispanidad, actividad masiva al aire libre, con clase abierta a todo p\u00fablico de distintos ritmos musicales bajo el slogan<em><strong> \u201cNos movemos por la Prevenci\u00f3n de C\u00e1ncer de Mama\u201d;<\/strong><\/em> se sugiere concurrir con distintivo de color rosado, y el personal de Camedur llevar\u00e1 gorro rosado institucional alusivo.<\/p>\n<p>&nbsp; <\/p>\n","protected":false},"excerpt":{"rendered":"<p>Durante todo el mes CAMEDUR se adhiere por medio de las siguientes actividades y convocatorias&#8230;<\/p>\n","protected":false},"author":2,"featured_media":26736,"comment_status":"closed","ping_status":"closed","sticky":false,"template":"","format":"standard","meta":{"footnotes":"","jetpack_publicize_message":"{title}\n\n{excerpt}\n\n{url}","jetpack_publicize_feature_enabled":true,"jetpack_social_post_already_shared":true,"jetpack_social_options":{"image_generator_settings":{"template":"fullscreen","default_image_id":0,"font":"","enabled":false},"version":2},"_wpas_customize_per_network":false},"categories":[33,32],"tags":[],"class_list":["post-26735","post","type-post","status-publish","format-standard","has-post-thumbnail","hentry","category-actualidad","category-salud"],"jetpack_publicize_connections":[],"_links":{"self":[{"href":"https:\/\/duraznohoy.com\/index.php?rest_route=\/wp\/v2\/posts\/26735","targetHints":{"allow":["GET"]}}],"collection":[{"href":"https:\/\/duraznohoy.com\/index.php?rest_route=\/wp\/v2\/posts"}],"about":[{"href":"https:\/\/duraznohoy.com\/index.php?rest_route=\/wp\/v2\/types\/post"}],"author":[{"embeddable":true,"href":"https:\/\/duraznohoy.com\/index.php?rest_route=\/wp\/v2\/users\/2"}],"replies":[{"embeddable":true,"href":"https:\/\/duraznohoy.com\/index.php?rest_route=%2Fwp%2Fv2%2Fcomments&post=26735"}],"version-history":[{"count":0,"href":"https:\/\/duraznohoy.com\/index.php?rest_route=\/wp\/v2\/posts\/26735\/revisions"}],"wp:featuredmedia":[{"embeddable":true,"href":"https:\/\/duraznohoy.com\/index.php?rest_route=\/wp\/v2\/media\/26736"}],"wp:attachment":[{"href":"https:\/\/duraznohoy.com\/index.php?rest_route=%2Fwp%2Fv2%2Fmedia&parent=26735"}],"wp:term":[{"taxonomy":"category","embeddable":true,"href":"https:\/\/duraznohoy.com\/index.php?rest_route=%2Fwp%2Fv2%2Fcategories&post=26735"},{"taxonomy":"post_tag","embeddable":true,"href":"https:\/\/duraznohoy.com\/index.php?rest_route=%2Fwp%2Fv2%2Ftags&post=26735"}],"curies":[{"name":"wp","href":"https:\/\/api.w.org\/{rel}","templated":true}]}}