{"id":26966,"date":"2021-10-25T21:27:39","date_gmt":"2021-10-26T00:27:39","guid":{"rendered":"http:\/\/duraznohoy.com\/?p=26966"},"modified":"2021-10-25T21:27:39","modified_gmt":"2021-10-26T00:27:39","slug":"aclaran-hurtos-2","status":"publish","type":"post","link":"https:\/\/duraznohoy.com\/?p=26966","title":{"rendered":"Aclaran hurtos."},"content":{"rendered":"<p><strong>Varios hurtos fueron aclarados por la polic\u00eda y se conoce la decisi\u00f3n de la Justicia para con sus autores.<\/strong><\/p>\n<p>En horas de la madrugada del d\u00eda viernes 8 de octubre del corriente a\u00f1o se tom\u00f3 conocimiento en Comisar\u00eda 15ta, por parte de la v\u00edctima que un masculino le hab\u00eda hurtado una garrafa de 13kg. Atento a lo expuesto personal de la mencionada dependencia realiz\u00f3 la investigaci\u00f3n pertinente, pudiendo establecer que no ser\u00eda ajeno al hecho un hombre mayor de edad, poseedor de antecedentes judiciales, siendo a posterior detenido y puesto a disposici\u00f3n de la fiscal\u00eda competente. Habi\u00e9ndose recuperado la garrafa denunciada. Conducido ante la justicia correspondiente, al t\u00e9rmino de la audiencia se dispuso la formalizaci\u00f3n de la investigaci\u00f3n para el implicado: Donde se dict\u00f3 Sentencia N.\u00ba 102\/2021 por la cual se lo condeno como <strong><em>\u201cAutor penalmente responsable de la comisi\u00f3n de un delito de hurto especialmente agravado en grado de tentativa\u201d, a la pena de 4 meses de prisi\u00f3n efectiva.<\/em><\/strong><\/p>\n<p><strong>Celulares.<\/strong><\/p>\n<p>El d\u00eda 13 de noviembe del a\u00f1o 2020 se tom\u00f3 conocimiento en Comisar\u00eda 9na, Sarand\u00ed del Y\u00ed, que, de un comercio ubicado en la jurisdicci\u00f3n, mediante el da\u00f1o de la puerta de acceso se hab\u00eda producido el hurto de celulares y 1 parlante. Atento a lo expuesto personal de la mencionada dependencia realiz\u00f3 la investigaci\u00f3n pertinente, pudiendo establecer que no ser\u00eda ajeno al hecho un hombre mayor de edad, poseedor de antecedentes judiciales, enter\u00e1ndose en su momento a la fiscal\u00eda. Recuper\u00e1ndose parte de los efectos hurtados. D\u00edas pasados fue detenido el indagado, siendo puesto a disposici\u00f3n de la fiscal\u00eda competente. Conducido ante la justicia correspondiente, al t\u00e9rmino de la audiencia se dispuso la formalizaci\u00f3n de la investigaci\u00f3n para el implicado: Donde se dict\u00f3 Sentencia N.\u00ba 101\/2021 por la cual se lo condeno como <strong><em>\u201cAutor penalmente responsable de la comisi\u00f3n de un delito de hurto\u201d, a la pena de 4 meses de prisi\u00f3n de cumplimiento efectivo<\/em><\/strong> <\/p>\n","protected":false},"excerpt":{"rendered":"<p>Varios hurtos fueron aclarados por la polic\u00eda y se conoce la decisi\u00f3n de la Justicia&#8230;<\/p>\n","protected":false},"author":2,"featured_media":26967,"comment_status":"closed","ping_status":"closed","sticky":false,"template":"","format":"standard","meta":{"footnotes":"","jetpack_publicize_message":"{title}\n\n{excerpt}\n\n{url}","jetpack_publicize_feature_enabled":true,"jetpack_social_post_already_shared":true,"jetpack_social_options":{"image_generator_settings":{"template":"fullscreen","default_image_id":0,"font":"","enabled":false},"version":2},"_wpas_customize_per_network":false},"categories":[21],"tags":[],"class_list":["post-26966","post","type-post","status-publish","format-standard","has-post-thumbnail","hentry","category-policiales"],"jetpack_publicize_connections":[],"_links":{"self":[{"href":"https:\/\/duraznohoy.com\/index.php?rest_route=\/wp\/v2\/posts\/26966","targetHints":{"allow":["GET"]}}],"collection":[{"href":"https:\/\/duraznohoy.com\/index.php?rest_route=\/wp\/v2\/posts"}],"about":[{"href":"https:\/\/duraznohoy.com\/index.php?rest_route=\/wp\/v2\/types\/post"}],"author":[{"embeddable":true,"href":"https:\/\/duraznohoy.com\/index.php?rest_route=\/wp\/v2\/users\/2"}],"replies":[{"embeddable":true,"href":"https:\/\/duraznohoy.com\/index.php?rest_route=%2Fwp%2Fv2%2Fcomments&post=26966"}],"version-history":[{"count":0,"href":"https:\/\/duraznohoy.com\/index.php?rest_route=\/wp\/v2\/posts\/26966\/revisions"}],"wp:featuredmedia":[{"embeddable":true,"href":"https:\/\/duraznohoy.com\/index.php?rest_route=\/wp\/v2\/media\/26967"}],"wp:attachment":[{"href":"https:\/\/duraznohoy.com\/index.php?rest_route=%2Fwp%2Fv2%2Fmedia&parent=26966"}],"wp:term":[{"taxonomy":"category","embeddable":true,"href":"https:\/\/duraznohoy.com\/index.php?rest_route=%2Fwp%2Fv2%2Fcategories&post=26966"},{"taxonomy":"post_tag","embeddable":true,"href":"https:\/\/duraznohoy.com\/index.php?rest_route=%2Fwp%2Fv2%2Ftags&post=26966"}],"curies":[{"name":"wp","href":"https:\/\/api.w.org\/{rel}","templated":true}]}}