{"id":26980,"date":"2021-10-26T18:46:28","date_gmt":"2021-10-26T21:46:28","guid":{"rendered":"http:\/\/duraznohoy.com\/?p=26980"},"modified":"2021-10-26T18:46:28","modified_gmt":"2021-10-26T21:46:28","slug":"nuevos-semaforos","status":"publish","type":"post","link":"https:\/\/duraznohoy.com\/?p=26980","title":{"rendered":"Nuevos sem\u00e1foros."},"content":{"rendered":"<p style=\"text-align: right;\"><strong>Nuevas bater\u00edas de sem\u00e1foros ser\u00e1n instaladas en diferentes esquinas de la ciudad de Durazno.<\/strong><\/p>\n<p>Seg\u00fan lo asegur\u00f3 la directora de administraci\u00f3n de la Intendencia, <strong>Ana Laura Gadea<\/strong> en di\u00e1logo con Alternativa AM 1430, <strong><em>\u201cSe estima la colocaci\u00f3n de 4 bater\u00edas, aunque podr\u00eda ser alguna m\u00e1s.\u201d<\/em><\/strong><\/p>\n<p>Las probables ubicaciones de los nuevos sem\u00e1foros ser\u00edan en Artigas y Brig. Gral.Manuel Oribe, Artigas y Dr. De Herrera, Artigas y 25 de agosto y Morquio y Maciel.<\/p>\n<p>El creciente aumento de veh\u00edculos en los \u00faltimos a\u00f1os, ha hecho m\u00e1s dificultoso el transitar por las calles de la capital departamental, por lo que, los nuevos sem\u00e1foros son m\u00e1s que necesarios. <\/p>\n","protected":false},"excerpt":{"rendered":"<p>Nuevas bater\u00edas de sem\u00e1foros ser\u00e1n instaladas en diferentes esquinas de la ciudad de Durazno. Seg\u00fan&#8230;<\/p>\n","protected":false},"author":2,"featured_media":26981,"comment_status":"closed","ping_status":"closed","sticky":false,"template":"","format":"standard","meta":{"footnotes":"","jetpack_publicize_message":"{title}\n\n{excerpt}\n\n{url}","jetpack_publicize_feature_enabled":true,"jetpack_social_post_already_shared":true,"jetpack_social_options":{"image_generator_settings":{"template":"fullscreen","default_image_id":0,"font":"","enabled":false},"version":2},"_wpas_customize_per_network":false},"categories":[33,55],"tags":[],"class_list":["post-26980","post","type-post","status-publish","format-standard","has-post-thumbnail","hentry","category-actualidad","category-transito"],"jetpack_publicize_connections":[],"_links":{"self":[{"href":"https:\/\/duraznohoy.com\/index.php?rest_route=\/wp\/v2\/posts\/26980","targetHints":{"allow":["GET"]}}],"collection":[{"href":"https:\/\/duraznohoy.com\/index.php?rest_route=\/wp\/v2\/posts"}],"about":[{"href":"https:\/\/duraznohoy.com\/index.php?rest_route=\/wp\/v2\/types\/post"}],"author":[{"embeddable":true,"href":"https:\/\/duraznohoy.com\/index.php?rest_route=\/wp\/v2\/users\/2"}],"replies":[{"embeddable":true,"href":"https:\/\/duraznohoy.com\/index.php?rest_route=%2Fwp%2Fv2%2Fcomments&post=26980"}],"version-history":[{"count":0,"href":"https:\/\/duraznohoy.com\/index.php?rest_route=\/wp\/v2\/posts\/26980\/revisions"}],"wp:featuredmedia":[{"embeddable":true,"href":"https:\/\/duraznohoy.com\/index.php?rest_route=\/wp\/v2\/media\/26981"}],"wp:attachment":[{"href":"https:\/\/duraznohoy.com\/index.php?rest_route=%2Fwp%2Fv2%2Fmedia&parent=26980"}],"wp:term":[{"taxonomy":"category","embeddable":true,"href":"https:\/\/duraznohoy.com\/index.php?rest_route=%2Fwp%2Fv2%2Fcategories&post=26980"},{"taxonomy":"post_tag","embeddable":true,"href":"https:\/\/duraznohoy.com\/index.php?rest_route=%2Fwp%2Fv2%2Ftags&post=26980"}],"curies":[{"name":"wp","href":"https:\/\/api.w.org\/{rel}","templated":true}]}}