{"id":26983,"date":"2021-10-26T21:42:42","date_gmt":"2021-10-27T00:42:42","guid":{"rendered":"http:\/\/duraznohoy.com\/?p=26983"},"modified":"2021-10-26T21:42:42","modified_gmt":"2021-10-27T00:42:42","slug":"sigue-octubre-rosa","status":"publish","type":"post","link":"https:\/\/duraznohoy.com\/?p=26983","title":{"rendered":"Sigue octubre rosa"},"content":{"rendered":"<p><img loading=\"lazy\" decoding=\"async\" class=\"alignnone size-medium wp-image-26984\" src=\"https:\/\/duraznohoy.com\/wp-content\/uploads\/2021\/10\/SAVE_20211026_213755-300x230.jpg\" alt=\"\" width=\"300\" height=\"230\" srcset=\"https:\/\/duraznohoy.com\/wp-content\/uploads\/2021\/10\/SAVE_20211026_213755-300x230.jpg 300w, https:\/\/duraznohoy.com\/wp-content\/uploads\/2021\/10\/SAVE_20211026_213755-768x590.jpg 768w, https:\/\/duraznohoy.com\/wp-content\/uploads\/2021\/10\/SAVE_20211026_213755.jpg 1000w\" sizes=\"auto, (max-width: 300px) 100vw, 300px\" \/><\/p>\n<p>El s\u00e1bado 30 de octubre en el Parque de la Hispanidad de 15.00 a 18.00 horas, Durazno contin\u00faa desarrollando actividades en el Mes de la Lucha contra el C\u00e1ncer de Mama, a trav\u00e9s de una gran convocatoria abierta a toda la poblaci\u00f3n bajo el slogan \u00abOctubre Rosa. Nos movemos por la Prevenci\u00f3n del C\u00e1ncer de Mama\u00bb.<\/p>\n<p>La Comisi\u00f3n Honoraria de Lucha contra el C\u00e1ncer de Mama y la Departamental de Salud, con el apoyo de diversas instituciones, entre ellas la Intendencia de Durazno, lleva adelante esta actividad, que contar\u00e1 con la participaci\u00f3n de docentes de distintos ritmos musicales y a la que se invita a concurrir con distintivos de color rosado (remeras, vinchas, gorros, globos, etc)<\/p>\n<p>\u00abLa Intendencia de Durazno, a trav\u00e9s de la Oficina de la Juventud, Coordinaci\u00f3n General y dem\u00e1s \u00e1reas, adhiere a las actividades en el Mes de Lucha contra el C\u00e1ncer de Mama e invita a toda la poblaci\u00f3n a participar e informarse sobre prevenci\u00f3n y cuidados de la enfermedad\u00bb, se\u00f1al\u00f3 Mat\u00edas Luj\u00e1n Puigvert, Coordinador de la Oficina de la Juventud de la IDD. <\/p>\n","protected":false},"excerpt":{"rendered":"<p>El s\u00e1bado 30 de octubre en el Parque de la Hispanidad de 15.00 a 18.00&#8230;<\/p>\n","protected":false},"author":26,"featured_media":26984,"comment_status":"closed","ping_status":"closed","sticky":false,"template":"","format":"standard","meta":{"footnotes":"","jetpack_publicize_message":"{title}\n\n{excerpt}\n\n{url}","jetpack_publicize_feature_enabled":true,"jetpack_social_post_already_shared":true,"jetpack_social_options":{"image_generator_settings":{"template":"fullscreen","default_image_id":0,"font":"","enabled":false},"version":2},"_wpas_customize_per_network":false},"categories":[33],"tags":[],"class_list":["post-26983","post","type-post","status-publish","format-standard","has-post-thumbnail","hentry","category-actualidad"],"jetpack_publicize_connections":[],"_links":{"self":[{"href":"https:\/\/duraznohoy.com\/index.php?rest_route=\/wp\/v2\/posts\/26983","targetHints":{"allow":["GET"]}}],"collection":[{"href":"https:\/\/duraznohoy.com\/index.php?rest_route=\/wp\/v2\/posts"}],"about":[{"href":"https:\/\/duraznohoy.com\/index.php?rest_route=\/wp\/v2\/types\/post"}],"author":[{"embeddable":true,"href":"https:\/\/duraznohoy.com\/index.php?rest_route=\/wp\/v2\/users\/26"}],"replies":[{"embeddable":true,"href":"https:\/\/duraznohoy.com\/index.php?rest_route=%2Fwp%2Fv2%2Fcomments&post=26983"}],"version-history":[{"count":0,"href":"https:\/\/duraznohoy.com\/index.php?rest_route=\/wp\/v2\/posts\/26983\/revisions"}],"wp:featuredmedia":[{"embeddable":true,"href":"https:\/\/duraznohoy.com\/index.php?rest_route=\/wp\/v2\/media\/26984"}],"wp:attachment":[{"href":"https:\/\/duraznohoy.com\/index.php?rest_route=%2Fwp%2Fv2%2Fmedia&parent=26983"}],"wp:term":[{"taxonomy":"category","embeddable":true,"href":"https:\/\/duraznohoy.com\/index.php?rest_route=%2Fwp%2Fv2%2Fcategories&post=26983"},{"taxonomy":"post_tag","embeddable":true,"href":"https:\/\/duraznohoy.com\/index.php?rest_route=%2Fwp%2Fv2%2Ftags&post=26983"}],"curies":[{"name":"wp","href":"https:\/\/api.w.org\/{rel}","templated":true}]}}