{"id":26999,"date":"2021-10-26T22:22:43","date_gmt":"2021-10-27T01:22:43","guid":{"rendered":"http:\/\/duraznohoy.com\/?p=26999"},"modified":"2021-10-26T22:22:43","modified_gmt":"2021-10-27T01:22:43","slug":"feria-del-libro-y-las-artes","status":"publish","type":"post","link":"https:\/\/duraznohoy.com\/?p=26999","title":{"rendered":"Feria del libro y las artes"},"content":{"rendered":"<p><img loading=\"lazy\" decoding=\"async\" class=\"alignnone size-full wp-image-27000\" src=\"https:\/\/duraznohoy.com\/wp-content\/uploads\/2021\/10\/feriaibro.jpeg\" alt=\"\" width=\"279\" height=\"181\" \/><\/p>\n<p>La Intendencia de Durazno, Departamento de Promoci\u00f3n Social, en el marco de los festejos del Bicentenario de fundaci\u00f3n de la Ciudad de Durazno, comunica que ya est\u00e1 establecida la fecha para la realizaci\u00f3n de la 15\u00aa Edici\u00f3n de la Feria del Libro y de las Artes, que se llevar\u00e1 a cabo del 18 al 21 de noviembre del presente a\u00f1o.<\/p>\n<p>Desde hace unos meses el equipo de la Divisi\u00f3n Cultura de la IDD viene trabajando para el evento y en los pr\u00f3ximos d\u00edas quedar\u00e1 pronta la grilla de autores que presentar\u00e1n sus obras, as\u00ed como todos los detalles de la programaci\u00f3n de la tradicional actividad.<\/p>\n<p>Pr\u00f3ximamente se dar\u00e1n a conocer p\u00fablicamente otros detalles de este evento. <\/p>\n","protected":false},"excerpt":{"rendered":"<p>La Intendencia de Durazno, Departamento de Promoci\u00f3n Social, en el marco de los festejos del&#8230;<\/p>\n","protected":false},"author":26,"featured_media":27000,"comment_status":"closed","ping_status":"closed","sticky":false,"template":"","format":"standard","meta":{"footnotes":"","jetpack_publicize_message":"{title}\n\n{excerpt}\n\n{url}","jetpack_publicize_feature_enabled":true,"jetpack_social_post_already_shared":true,"jetpack_social_options":{"image_generator_settings":{"template":"fullscreen","default_image_id":0,"font":"","enabled":false},"version":2},"_wpas_customize_per_network":false},"categories":[33],"tags":[],"class_list":["post-26999","post","type-post","status-publish","format-standard","has-post-thumbnail","hentry","category-actualidad"],"jetpack_publicize_connections":[],"_links":{"self":[{"href":"https:\/\/duraznohoy.com\/index.php?rest_route=\/wp\/v2\/posts\/26999","targetHints":{"allow":["GET"]}}],"collection":[{"href":"https:\/\/duraznohoy.com\/index.php?rest_route=\/wp\/v2\/posts"}],"about":[{"href":"https:\/\/duraznohoy.com\/index.php?rest_route=\/wp\/v2\/types\/post"}],"author":[{"embeddable":true,"href":"https:\/\/duraznohoy.com\/index.php?rest_route=\/wp\/v2\/users\/26"}],"replies":[{"embeddable":true,"href":"https:\/\/duraznohoy.com\/index.php?rest_route=%2Fwp%2Fv2%2Fcomments&post=26999"}],"version-history":[{"count":0,"href":"https:\/\/duraznohoy.com\/index.php?rest_route=\/wp\/v2\/posts\/26999\/revisions"}],"wp:featuredmedia":[{"embeddable":true,"href":"https:\/\/duraznohoy.com\/index.php?rest_route=\/wp\/v2\/media\/27000"}],"wp:attachment":[{"href":"https:\/\/duraznohoy.com\/index.php?rest_route=%2Fwp%2Fv2%2Fmedia&parent=26999"}],"wp:term":[{"taxonomy":"category","embeddable":true,"href":"https:\/\/duraznohoy.com\/index.php?rest_route=%2Fwp%2Fv2%2Fcategories&post=26999"},{"taxonomy":"post_tag","embeddable":true,"href":"https:\/\/duraznohoy.com\/index.php?rest_route=%2Fwp%2Fv2%2Ftags&post=26999"}],"curies":[{"name":"wp","href":"https:\/\/api.w.org\/{rel}","templated":true}]}}