{"id":27003,"date":"2021-10-26T23:41:35","date_gmt":"2021-10-27T02:41:35","guid":{"rendered":"http:\/\/duraznohoy.com\/?p=27003"},"modified":"2021-10-26T23:41:35","modified_gmt":"2021-10-27T02:41:35","slug":"selecciones-rojas-este-miercoles-en-florida","status":"publish","type":"post","link":"https:\/\/duraznohoy.com\/?p=27003","title":{"rendered":"Selecciones rojas este mi\u00e9rcoles en Florida."},"content":{"rendered":"<p><strong>Este martes se reuni\u00f3 el Consejo de la Liga de F\u00fatbol Infantil Ciudad de Durazno, actividad celebrada en el sal\u00f3n multiuso ubicado dentro del predio del estadio Jos\u00e9 Pedro Varela.<\/strong><\/p>\n<p>Varios temas fueron los abordados, entre ellos, se detall\u00f3 a los delegados de los clubes presente, las pr\u00f3ximas presentaciones de las selecciones rojas.<\/p>\n<p><strong>Mi\u00e9rcoles, a Florida<\/strong><\/p>\n<p>Este mi\u00e9rcoles, Durazno visitar\u00e1 a Florida, en el marco de una nueva fecha de los Campeonatos Nacionales de ONFI (Organizaci\u00f3n Nacional de F\u00fatbol Infantil).<\/p>\n<p>Los detalles de los encuentros son los siguientes:<\/p>\n<p>Hora 18:00: Generaci\u00f3n 2010; Hora 19:30: Generaci\u00f3n 2011; Hora 21:00: Generaci\u00f3n 2009.<\/p>\n<p><u>Posiciones<\/u><\/p>\n<p><strong><u>2009<\/u><\/strong><\/p>\n<p>Florida 9, Durazno 3, San Jos\u00e9 0<\/p>\n<p><strong><u>2010<\/u><\/strong><\/p>\n<p>San Jos\u00e9 5, Florida 4, Durazno 1<\/p>\n<p><strong><u>2011<\/u><\/strong><\/p>\n<p>San Jos\u00e9 9, Florida 1, Durazno 1<\/p>\n<p><strong>El s\u00e1bado, de locales<\/strong><\/p>\n<p>El venidero s\u00e1bado 30 de octubre, Durazno estar\u00e1 cerrando su participaci\u00f3n en los torneos, recibiendo de local en el estadio Jos\u00e9 pedro Varela a San Jos\u00e9, encuentros que se jugar\u00e1n a partir de la hora 18:00.<\/p>\n<p>&nbsp;<\/p>\n<p><strong>Sub-13<\/strong><\/p>\n<p>La selecci\u00f3n Sub-13 de Durazno, que es dirigida por Alfonso Dom\u00ednguez, jugar\u00e1 por el Torneo CONMEBOL el pr\u00f3ximo domingo, en San Jos\u00e9.<\/p>\n<p>A la hora 16:00 la roja se medir\u00e1 ante Florida y a las 20:30 lo har\u00e1 ante los maragatos.<\/p>\n<p>Abriendo el torneo (10:30) se enfrentar\u00e1n San Jos\u00e9 y Florida.<\/p>\n<p>A la siguiente fase del campeonato clasifica el ganador de la serie.<\/p>\n<p><strong>Atrasados<\/strong><\/p>\n<p>Este fin de semana no habr\u00e1 actividad por el campeonato local, solo se disputar\u00e1n dos encuentros atrasados.<\/p>\n<p>&nbsp;<\/p>\n<p><u>Domingo 31 de octubre<\/u><\/p>\n<p><u>Central vs Juvenil<\/u><\/p>\n<p><u>Estadio Jos\u00e9 Pedro Varela<\/u><\/p>\n<p>14:30: Gen. 2011<\/p>\n<p>15:45: Gen. 2012<\/p>\n<p>17:00: Gen. 2014<\/p>\n<p>18:15: Gen. 2015<\/p>\n<p>19:15: Gen. 2013<\/p>\n<p>20:30: Gen. 2010<\/p>\n<p>&nbsp;<\/p>\n<p><u>Cancha de La Lanera<\/u><\/p>\n<p><u>La Lanera vs Artigas<\/u><\/p>\n<p>16:00: Gen. 2010<\/p>\n<p>17:15: Gen. 2009<\/p>\n<p>18:30: Gen. 2013<\/p>\n<p>19:45: Gen. 2015<\/p>\n<p>20:45: Gen. 2011<\/p>\n<p><strong><em>Agradecemos informaci\u00f3n a Mauricio Delgado.<\/em><\/strong> <\/p>\n","protected":false},"excerpt":{"rendered":"<p>Este martes se reuni\u00f3 el Consejo de la Liga de F\u00fatbol Infantil Ciudad de Durazno,&#8230;<\/p>\n","protected":false},"author":2,"featured_media":27004,"comment_status":"closed","ping_status":"closed","sticky":false,"template":"","format":"standard","meta":{"footnotes":"","jetpack_publicize_message":"{title}\n\n{excerpt}\n\n{url}","jetpack_publicize_feature_enabled":true,"jetpack_social_post_already_shared":true,"jetpack_social_options":{"image_generator_settings":{"template":"fullscreen","default_image_id":0,"font":"","enabled":false},"version":2},"_wpas_customize_per_network":false},"categories":[78],"tags":[],"class_list":["post-27003","post","type-post","status-publish","format-standard","has-post-thumbnail","hentry","category-liga-de-futbol-infantil"],"jetpack_publicize_connections":[],"_links":{"self":[{"href":"https:\/\/duraznohoy.com\/index.php?rest_route=\/wp\/v2\/posts\/27003","targetHints":{"allow":["GET"]}}],"collection":[{"href":"https:\/\/duraznohoy.com\/index.php?rest_route=\/wp\/v2\/posts"}],"about":[{"href":"https:\/\/duraznohoy.com\/index.php?rest_route=\/wp\/v2\/types\/post"}],"author":[{"embeddable":true,"href":"https:\/\/duraznohoy.com\/index.php?rest_route=\/wp\/v2\/users\/2"}],"replies":[{"embeddable":true,"href":"https:\/\/duraznohoy.com\/index.php?rest_route=%2Fwp%2Fv2%2Fcomments&post=27003"}],"version-history":[{"count":0,"href":"https:\/\/duraznohoy.com\/index.php?rest_route=\/wp\/v2\/posts\/27003\/revisions"}],"wp:featuredmedia":[{"embeddable":true,"href":"https:\/\/duraznohoy.com\/index.php?rest_route=\/wp\/v2\/media\/27004"}],"wp:attachment":[{"href":"https:\/\/duraznohoy.com\/index.php?rest_route=%2Fwp%2Fv2%2Fmedia&parent=27003"}],"wp:term":[{"taxonomy":"category","embeddable":true,"href":"https:\/\/duraznohoy.com\/index.php?rest_route=%2Fwp%2Fv2%2Fcategories&post=27003"},{"taxonomy":"post_tag","embeddable":true,"href":"https:\/\/duraznohoy.com\/index.php?rest_route=%2Fwp%2Fv2%2Ftags&post=27003"}],"curies":[{"name":"wp","href":"https:\/\/api.w.org\/{rel}","templated":true}]}}