{"id":27014,"date":"2021-10-27T15:11:01","date_gmt":"2021-10-27T18:11:01","guid":{"rendered":"http:\/\/duraznohoy.com\/?p=27014"},"modified":"2021-10-27T15:11:01","modified_gmt":"2021-10-27T18:11:01","slug":"lacalle-hoy","status":"publish","type":"post","link":"https:\/\/duraznohoy.com\/?p=27014","title":{"rendered":"Lacalle hoy."},"content":{"rendered":"<p><strong><img loading=\"lazy\" decoding=\"async\" class=\"size-medium wp-image-27011 alignright\" src=\"https:\/\/duraznohoy.com\/wp-content\/uploads\/2021\/10\/DAVID4-300x185.jpg\" alt=\"\" width=\"300\" height=\"185\" srcset=\"https:\/\/duraznohoy.com\/wp-content\/uploads\/2021\/10\/DAVID4-300x185.jpg 300w, https:\/\/duraznohoy.com\/wp-content\/uploads\/2021\/10\/DAVID4-1024x632.jpg 1024w, https:\/\/duraznohoy.com\/wp-content\/uploads\/2021\/10\/DAVID4-768x474.jpg 768w, https:\/\/duraznohoy.com\/wp-content\/uploads\/2021\/10\/DAVID4-1536x948.jpg 1536w, https:\/\/duraznohoy.com\/wp-content\/uploads\/2021\/10\/DAVID4-2048x1264.jpg 2048w\" sizes=\"auto, (max-width: 300px) 100vw, 300px\" \/>El presidente de la Rep\u00fablica estuvo poco m\u00e1s de una hora en Durazno, participando del Encuentro de Emprendedores que durante toda la jornada se desarrolla en el Teatro Espa\u00f1ol.<\/strong><\/p>\n<p>Lacalle Pou arrib\u00f3 a la ciudad v\u00eda helic\u00f3ptero, minutos antes de las 11 de la ma\u00f1ana. Tras saludar al Intendente local, otros jefes comunales y diversas autoridades presentes, sigui\u00f3 con atenci\u00f3n el desarrollo de la primera parte del Encuentro.<\/p>\n<p><img loading=\"lazy\" decoding=\"async\" class=\" wp-image-27010 alignleft\" src=\"https:\/\/duraznohoy.com\/wp-content\/uploads\/2021\/10\/DAVID3-300x200.jpg\" alt=\"\" width=\"257\" height=\"171\" srcset=\"https:\/\/duraznohoy.com\/wp-content\/uploads\/2021\/10\/DAVID3-300x200.jpg 300w, https:\/\/duraznohoy.com\/wp-content\/uploads\/2021\/10\/DAVID3-1024x683.jpg 1024w, https:\/\/duraznohoy.com\/wp-content\/uploads\/2021\/10\/DAVID3-768x512.jpg 768w, https:\/\/duraznohoy.com\/wp-content\/uploads\/2021\/10\/DAVID3-1536x1024.jpg 1536w, https:\/\/duraznohoy.com\/wp-content\/uploads\/2021\/10\/DAVID3-2048x1365.jpg 2048w\" sizes=\"auto, (max-width: 257px) 100vw, 257px\" \/>Este se inici\u00f3 con una introducci\u00f3n a cargo de la impulsora de \u201cSembrando\u201d, Lorena Ponce De Le\u00f3n. El presidente al hacer uso de la palabra, destac\u00f3 la labor que desarrolla el Programa y la importancia que el mismo tiene en la capacitaci\u00f3n y b\u00fasqueda de nuevas oportunidades.<\/p>\n<p>Tras su breve alocuci\u00f3n, Lacalle se retir\u00f3 r\u00e1pidamente dado que ten\u00eda una basta agenda para cumplir en el resto de la jornada.<\/p>\n<p>El Encuentro continu\u00f3 desarroll\u00e1ndose con intervenciones de los distintos Intendentes presentes. <\/p>\n","protected":false},"excerpt":{"rendered":"<p>El presidente de la Rep\u00fablica estuvo poco m\u00e1s de una hora en Durazno, participando del&#8230;<\/p>\n","protected":false},"author":2,"featured_media":27012,"comment_status":"closed","ping_status":"closed","sticky":false,"template":"","format":"standard","meta":{"footnotes":"","jetpack_publicize_message":"{title}\n\n{excerpt}\n\n{url}","jetpack_publicize_feature_enabled":true,"jetpack_social_post_already_shared":true,"jetpack_social_options":{"image_generator_settings":{"template":"fullscreen","default_image_id":0,"font":"","enabled":false},"version":2},"_wpas_customize_per_network":false},"categories":[33],"tags":[],"class_list":["post-27014","post","type-post","status-publish","format-standard","has-post-thumbnail","hentry","category-actualidad"],"jetpack_publicize_connections":[],"_links":{"self":[{"href":"https:\/\/duraznohoy.com\/index.php?rest_route=\/wp\/v2\/posts\/27014","targetHints":{"allow":["GET"]}}],"collection":[{"href":"https:\/\/duraznohoy.com\/index.php?rest_route=\/wp\/v2\/posts"}],"about":[{"href":"https:\/\/duraznohoy.com\/index.php?rest_route=\/wp\/v2\/types\/post"}],"author":[{"embeddable":true,"href":"https:\/\/duraznohoy.com\/index.php?rest_route=\/wp\/v2\/users\/2"}],"replies":[{"embeddable":true,"href":"https:\/\/duraznohoy.com\/index.php?rest_route=%2Fwp%2Fv2%2Fcomments&post=27014"}],"version-history":[{"count":0,"href":"https:\/\/duraznohoy.com\/index.php?rest_route=\/wp\/v2\/posts\/27014\/revisions"}],"wp:featuredmedia":[{"embeddable":true,"href":"https:\/\/duraznohoy.com\/index.php?rest_route=\/wp\/v2\/media\/27012"}],"wp:attachment":[{"href":"https:\/\/duraznohoy.com\/index.php?rest_route=%2Fwp%2Fv2%2Fmedia&parent=27014"}],"wp:term":[{"taxonomy":"category","embeddable":true,"href":"https:\/\/duraznohoy.com\/index.php?rest_route=%2Fwp%2Fv2%2Fcategories&post=27014"},{"taxonomy":"post_tag","embeddable":true,"href":"https:\/\/duraznohoy.com\/index.php?rest_route=%2Fwp%2Fv2%2Ftags&post=27014"}],"curies":[{"name":"wp","href":"https:\/\/api.w.org\/{rel}","templated":true}]}}