{"id":27399,"date":"2021-11-15T16:12:22","date_gmt":"2021-11-15T19:12:22","guid":{"rendered":"http:\/\/duraznohoy.com\/?p=27399"},"modified":"2021-11-15T16:14:20","modified_gmt":"2021-11-15T19:14:20","slug":"desde-el-jueves-feria-del-libro","status":"publish","type":"post","link":"https:\/\/duraznohoy.com\/?p=27399","title":{"rendered":"Desde el jueves Feria del LIbro."},"content":{"rendered":"<p>Se conoce la Programaci\u00f3n completa que se estar\u00e1 cumpliendo desde el pr\u00f3ximo jueves 18, por la edici\u00f3n 2021 de la Feria del Libro y de las Artes y 13er. Encuentro de Estatuas vivientes.<\/p>\n<p>Los lectores pueden leerla aqu\u00ed:<\/p>\n<p><a href=\"https:\/\/duraznohoy.com\/wp-content\/uploads\/2021\/11\/FERIA-DEL-LIBRO-PROGRAMACION.pdf\">FERIA DEL LIBRO &#8211; PROGRAMACION<\/a> <\/p>\n","protected":false},"excerpt":{"rendered":"<p>Se conoce la Programaci\u00f3n completa que se estar\u00e1 cumpliendo desde el pr\u00f3ximo jueves 18, por&#8230;<\/p>\n","protected":false},"author":2,"featured_media":27403,"comment_status":"closed","ping_status":"closed","sticky":false,"template":"","format":"standard","meta":{"footnotes":"","jetpack_publicize_message":"{title}\n\n{excerpt}\n\n{url}","jetpack_publicize_feature_enabled":true,"jetpack_social_post_already_shared":true,"jetpack_social_options":{"image_generator_settings":{"template":"fullscreen","default_image_id":0,"font":"","enabled":false},"version":2},"_wpas_customize_per_network":false},"categories":[33],"tags":[],"class_list":["post-27399","post","type-post","status-publish","format-standard","has-post-thumbnail","hentry","category-actualidad"],"jetpack_publicize_connections":[],"_links":{"self":[{"href":"https:\/\/duraznohoy.com\/index.php?rest_route=\/wp\/v2\/posts\/27399","targetHints":{"allow":["GET"]}}],"collection":[{"href":"https:\/\/duraznohoy.com\/index.php?rest_route=\/wp\/v2\/posts"}],"about":[{"href":"https:\/\/duraznohoy.com\/index.php?rest_route=\/wp\/v2\/types\/post"}],"author":[{"embeddable":true,"href":"https:\/\/duraznohoy.com\/index.php?rest_route=\/wp\/v2\/users\/2"}],"replies":[{"embeddable":true,"href":"https:\/\/duraznohoy.com\/index.php?rest_route=%2Fwp%2Fv2%2Fcomments&post=27399"}],"version-history":[{"count":0,"href":"https:\/\/duraznohoy.com\/index.php?rest_route=\/wp\/v2\/posts\/27399\/revisions"}],"wp:featuredmedia":[{"embeddable":true,"href":"https:\/\/duraznohoy.com\/index.php?rest_route=\/wp\/v2\/media\/27403"}],"wp:attachment":[{"href":"https:\/\/duraznohoy.com\/index.php?rest_route=%2Fwp%2Fv2%2Fmedia&parent=27399"}],"wp:term":[{"taxonomy":"category","embeddable":true,"href":"https:\/\/duraznohoy.com\/index.php?rest_route=%2Fwp%2Fv2%2Fcategories&post=27399"},{"taxonomy":"post_tag","embeddable":true,"href":"https:\/\/duraznohoy.com\/index.php?rest_route=%2Fwp%2Fv2%2Ftags&post=27399"}],"curies":[{"name":"wp","href":"https:\/\/api.w.org\/{rel}","templated":true}]}}