{"id":27816,"date":"2021-12-01T19:53:26","date_gmt":"2021-12-01T22:53:26","guid":{"rendered":"http:\/\/duraznohoy.com\/?p=27816"},"modified":"2021-12-01T19:53:26","modified_gmt":"2021-12-01T22:53:26","slug":"hurto-y-agravio-a-la-autoridad-a-la-carcel","status":"publish","type":"post","link":"https:\/\/duraznohoy.com\/?p=27816","title":{"rendered":"Hurto y agravio a la autoridad: a la c\u00e1rcel."},"content":{"rendered":"<p><strong>Dos hombres que insultaron y agredieron a la polic\u00eda fueron condenados a 2 a\u00f1os de c\u00e1rcel.<\/strong><\/p>\n<p>El informe de Jefatura al respecto se\u00f1ala:<\/p>\n<p>\u201cEn horas de la ma\u00f1ana del d\u00eda de ayer, en momento que personal de Comisaria 15ta, se encontraban realizando recorridas preventivas en su jurisdicci\u00f3n, en un momento dado fueron insultados y agredidos por dos masculinos, los cuales fueron detenidos de forma inmediata siendo trasladados a dependencias policiales; pudi\u00e9ndose establecer que estos dos hombres mayores de edad estaban implicados en un delito de hurto ocurrido horas antes en jurisdicci\u00f3n de Comisaria 1era.<\/p>\n<p>De los hechos en todo momento estuvo enterada la fiscal\u00eda correspondiente. Conducidos a la sede judicial, al t\u00e9rmino de la audiencia se dispuso la formalizaci\u00f3n de la investigaci\u00f3n, donde por Sentencia N\u00ba 107\/21, se los conden\u00f3 como <strong><em>\u201cAutor penalmente responsable de un delito de hurto especialmente agravado en r\u00e9gimen de reiteraci\u00f3n real con un delito de agravio a la autoridad en calidad de autor\u201d, a la pena de 2 a\u00f1os de penitenciaria<\/em><\/strong>; y para el restante implicado se formaliz\u00f3 la investigaci\u00f3n, donde por Sentencia N\u00ba 107\/21, se conden\u00f3 <strong><em>como \u201cAutor penalmente responsable de un delito de hurto especialmente agravado en calidad de coautor, en r\u00e9gimen de reiteraci\u00f3n real con un delito de resistencia al arresto en calidad de autor\u201d, a la pena de 2 a\u00f1os de penitenciaria.<\/em><\/strong> <\/p>\n","protected":false},"excerpt":{"rendered":"<p>Dos hombres que insultaron y agredieron a la polic\u00eda fueron condenados a 2 a\u00f1os de&#8230;<\/p>\n","protected":false},"author":2,"featured_media":27817,"comment_status":"closed","ping_status":"closed","sticky":false,"template":"","format":"standard","meta":{"footnotes":"","jetpack_publicize_message":"{title}\n\n{excerpt}\n\n{url}","jetpack_publicize_feature_enabled":true,"jetpack_social_post_already_shared":true,"jetpack_social_options":{"image_generator_settings":{"template":"fullscreen","default_image_id":0,"font":"","enabled":false},"version":2},"_wpas_customize_per_network":false},"categories":[79],"tags":[],"class_list":["post-27816","post","type-post","status-publish","format-standard","has-post-thumbnail","hentry","category-justicia"],"jetpack_publicize_connections":[],"_links":{"self":[{"href":"https:\/\/duraznohoy.com\/index.php?rest_route=\/wp\/v2\/posts\/27816","targetHints":{"allow":["GET"]}}],"collection":[{"href":"https:\/\/duraznohoy.com\/index.php?rest_route=\/wp\/v2\/posts"}],"about":[{"href":"https:\/\/duraznohoy.com\/index.php?rest_route=\/wp\/v2\/types\/post"}],"author":[{"embeddable":true,"href":"https:\/\/duraznohoy.com\/index.php?rest_route=\/wp\/v2\/users\/2"}],"replies":[{"embeddable":true,"href":"https:\/\/duraznohoy.com\/index.php?rest_route=%2Fwp%2Fv2%2Fcomments&post=27816"}],"version-history":[{"count":0,"href":"https:\/\/duraznohoy.com\/index.php?rest_route=\/wp\/v2\/posts\/27816\/revisions"}],"wp:featuredmedia":[{"embeddable":true,"href":"https:\/\/duraznohoy.com\/index.php?rest_route=\/wp\/v2\/media\/27817"}],"wp:attachment":[{"href":"https:\/\/duraznohoy.com\/index.php?rest_route=%2Fwp%2Fv2%2Fmedia&parent=27816"}],"wp:term":[{"taxonomy":"category","embeddable":true,"href":"https:\/\/duraznohoy.com\/index.php?rest_route=%2Fwp%2Fv2%2Fcategories&post=27816"},{"taxonomy":"post_tag","embeddable":true,"href":"https:\/\/duraznohoy.com\/index.php?rest_route=%2Fwp%2Fv2%2Ftags&post=27816"}],"curies":[{"name":"wp","href":"https:\/\/api.w.org\/{rel}","templated":true}]}}