{"id":27820,"date":"2021-12-01T21:10:49","date_gmt":"2021-12-02T00:10:49","guid":{"rendered":"http:\/\/duraznohoy.com\/?p=27820"},"modified":"2021-12-01T21:10:49","modified_gmt":"2021-12-02T00:10:49","slug":"renunciaron-presidente-y-neutrales","status":"publish","type":"post","link":"https:\/\/duraznohoy.com\/?p=27820","title":{"rendered":"Renunciaron Presidente y Neutrales."},"content":{"rendered":"<p><strong>La renuncia del presidente de la Liga de F\u00fatbol \u201cCiudad de Durazno\u201d y el resto de los Neutrales, se registr\u00f3 en la noche de este mi\u00e9rcoles.<\/strong><\/p>\n<p><strong>Manuel Vi\u00f1ales<\/strong> hab\u00eda se\u00f1alado tras los hechos deplorables de violencia del pasado fin de semana, que aguardaba la reuni\u00f3n de hoy para tomar una decisi\u00f3n de continuar o no al frente del Consejo de la Liga. Entend\u00eda que los clubes deb\u00edan tomar medidas fuertes y ejemplarizantes para quienes participaron de la trifulca en las tribunas y que perfectamente eran identificables para cada Instituci\u00f3n involucrada.<\/p>\n<p>La reuni\u00f3n finalmente se realiz\u00f3 y de acuerdo a la informaci\u00f3n que aporta el colega Mauricio Delgado, finalmente Vi\u00f1ales renunci\u00f3 y con \u00e9l, igual actitud de los dem\u00e1s Neutrales. La presidencia ha doc es ocupada por Jorge Mejeses.<\/p>\n<p>Ampliaremos. <\/p>\n","protected":false},"excerpt":{"rendered":"<p>La renuncia del presidente de la Liga de F\u00fatbol \u201cCiudad de Durazno\u201d y el resto&#8230;<\/p>\n","protected":false},"author":2,"featured_media":27821,"comment_status":"closed","ping_status":"closed","sticky":false,"template":"","format":"standard","meta":{"footnotes":"","jetpack_publicize_message":"{title}\n\n{excerpt}\n\n{url}","jetpack_publicize_feature_enabled":true,"jetpack_social_post_already_shared":true,"jetpack_social_options":{"image_generator_settings":{"template":"fullscreen","default_image_id":0,"font":"","enabled":false},"version":2},"_wpas_customize_per_network":false},"categories":[63],"tags":[],"class_list":["post-27820","post","type-post","status-publish","format-standard","has-post-thumbnail","hentry","category-ultimo-momento"],"jetpack_publicize_connections":[],"_links":{"self":[{"href":"https:\/\/duraznohoy.com\/index.php?rest_route=\/wp\/v2\/posts\/27820","targetHints":{"allow":["GET"]}}],"collection":[{"href":"https:\/\/duraznohoy.com\/index.php?rest_route=\/wp\/v2\/posts"}],"about":[{"href":"https:\/\/duraznohoy.com\/index.php?rest_route=\/wp\/v2\/types\/post"}],"author":[{"embeddable":true,"href":"https:\/\/duraznohoy.com\/index.php?rest_route=\/wp\/v2\/users\/2"}],"replies":[{"embeddable":true,"href":"https:\/\/duraznohoy.com\/index.php?rest_route=%2Fwp%2Fv2%2Fcomments&post=27820"}],"version-history":[{"count":0,"href":"https:\/\/duraznohoy.com\/index.php?rest_route=\/wp\/v2\/posts\/27820\/revisions"}],"wp:featuredmedia":[{"embeddable":true,"href":"https:\/\/duraznohoy.com\/index.php?rest_route=\/wp\/v2\/media\/27821"}],"wp:attachment":[{"href":"https:\/\/duraznohoy.com\/index.php?rest_route=%2Fwp%2Fv2%2Fmedia&parent=27820"}],"wp:term":[{"taxonomy":"category","embeddable":true,"href":"https:\/\/duraznohoy.com\/index.php?rest_route=%2Fwp%2Fv2%2Fcategories&post=27820"},{"taxonomy":"post_tag","embeddable":true,"href":"https:\/\/duraznohoy.com\/index.php?rest_route=%2Fwp%2Fv2%2Ftags&post=27820"}],"curies":[{"name":"wp","href":"https:\/\/api.w.org\/{rel}","templated":true}]}}