{"id":27826,"date":"2021-12-02T12:13:59","date_gmt":"2021-12-02T15:13:59","guid":{"rendered":"http:\/\/duraznohoy.com\/?p=27826"},"modified":"2021-12-02T12:13:59","modified_gmt":"2021-12-02T15:13:59","slug":"viviendas-para-durazno","status":"publish","type":"post","link":"https:\/\/duraznohoy.com\/?p=27826","title":{"rendered":"Viviendas para Durazno."},"content":{"rendered":"<figure id=\"attachment_27827\" aria-describedby=\"caption-attachment-27827\" style=\"width: 244px\" class=\"wp-caption alignright\"><img loading=\"lazy\" decoding=\"async\" class=\" wp-image-27827\" src=\"https:\/\/duraznohoy.com\/wp-content\/uploads\/2021\/12\/AHORA-AZUL-300x227.jpg\" alt=\"\" width=\"244\" height=\"185\" srcset=\"https:\/\/duraznohoy.com\/wp-content\/uploads\/2021\/12\/AHORA-AZUL-300x227.jpg 300w, https:\/\/duraznohoy.com\/wp-content\/uploads\/2021\/12\/AHORA-AZUL-1024x775.jpg 1024w, https:\/\/duraznohoy.com\/wp-content\/uploads\/2021\/12\/AHORA-AZUL-768x581.jpg 768w, https:\/\/duraznohoy.com\/wp-content\/uploads\/2021\/12\/AHORA-AZUL-1536x1162.jpg 1536w, https:\/\/duraznohoy.com\/wp-content\/uploads\/2021\/12\/AHORA-AZUL-2048x1549.jpg 2048w\" sizes=\"auto, (max-width: 244px) 100vw, 244px\" \/><figcaption id=\"caption-attachment-27827\" class=\"wp-caption-text\"><em>Irene Moreira, ministra de Vivienda y Ordenamiento Territorial.<\/em><\/figcaption><\/figure>\n<p><strong>Se viene desarrollando en la Sala \u201cValent\u00edn Arias\u201d del edificio central de la Intendencia, el acto por la firma de un nuevo acuerdo entre UPM, el Ministerio de Vivienda y Ordenamiento Territorial (MVOT) y la intendencia de Durazno.<\/strong><\/p>\n<p>Nuestro departamento y Tacuaremb\u00f3, acceder\u00e1n a 500 soluciones habitacionales cedidas por la empresa que podr\u00e1n ser transformadas en unas 100 viviendas familiares.<\/p>\n<p>UPM ya implement\u00f3 este modelo en la ciudad de Durazno y construy\u00f3 16 viviendas de estas caracter\u00edsticas y probada calidad. Las mismas tambi\u00e9n son transferidas a la Intendencia de Durazno a trav\u00e9s de este convenio.<\/p>\n<figure id=\"attachment_27829\" aria-describedby=\"caption-attachment-27829\" style=\"width: 300px\" class=\"wp-caption alignright\"><img loading=\"lazy\" decoding=\"async\" class=\"size-medium wp-image-27829\" src=\"https:\/\/duraznohoy.com\/wp-content\/uploads\/2021\/12\/AHORA-AZUL3-300x170.jpg\" alt=\"\" width=\"300\" height=\"170\" srcset=\"https:\/\/duraznohoy.com\/wp-content\/uploads\/2021\/12\/AHORA-AZUL3-300x170.jpg 300w, https:\/\/duraznohoy.com\/wp-content\/uploads\/2021\/12\/AHORA-AZUL3-1024x581.jpg 1024w, https:\/\/duraznohoy.com\/wp-content\/uploads\/2021\/12\/AHORA-AZUL3-768x436.jpg 768w, https:\/\/duraznohoy.com\/wp-content\/uploads\/2021\/12\/AHORA-AZUL3-1536x872.jpg 1536w, https:\/\/duraznohoy.com\/wp-content\/uploads\/2021\/12\/AHORA-AZUL3-2048x1162.jpg 2048w\" sizes=\"auto, (max-width: 300px) 100vw, 300px\" \/><figcaption id=\"caption-attachment-27829\" class=\"wp-caption-text\"><em>Adri\u00e1n Pe\u00f1a, ministro de Medio Ambiente.<\/em><\/figcaption><\/figure>\n<p aria-hidden=\"true\">\u00a0La actividad que se encuentra en pleno desarrollo, cuenta con la presencia de la ministra de Vivienda y Ordenamiento Territorial (MVOT), Irene Moreira, el ministro de Medio Ambiente Adri\u00e1n Pe\u00f1a, representantes de UPM y el intendente anfitri\u00f3n, Lic.Carmelo Vidal\u00edn.<\/p>\n<p>Ampliaremos.<\/p>\n<p>Fotos: Durazno Hoy. <\/p>\n","protected":false},"excerpt":{"rendered":"<p>Se viene desarrollando en la Sala \u201cValent\u00edn Arias\u201d del edificio central de la Intendencia, el&#8230;<\/p>\n","protected":false},"author":2,"featured_media":27828,"comment_status":"closed","ping_status":"closed","sticky":false,"template":"","format":"standard","meta":{"footnotes":"","jetpack_publicize_message":"{title}\n\n{excerpt}\n\n{url}","jetpack_publicize_feature_enabled":true,"jetpack_social_post_already_shared":true,"jetpack_social_options":{"image_generator_settings":{"template":"fullscreen","default_image_id":0,"font":"","enabled":false},"version":2},"_wpas_customize_per_network":false},"categories":[33],"tags":[],"class_list":["post-27826","post","type-post","status-publish","format-standard","has-post-thumbnail","hentry","category-actualidad"],"jetpack_publicize_connections":[],"_links":{"self":[{"href":"https:\/\/duraznohoy.com\/index.php?rest_route=\/wp\/v2\/posts\/27826","targetHints":{"allow":["GET"]}}],"collection":[{"href":"https:\/\/duraznohoy.com\/index.php?rest_route=\/wp\/v2\/posts"}],"about":[{"href":"https:\/\/duraznohoy.com\/index.php?rest_route=\/wp\/v2\/types\/post"}],"author":[{"embeddable":true,"href":"https:\/\/duraznohoy.com\/index.php?rest_route=\/wp\/v2\/users\/2"}],"replies":[{"embeddable":true,"href":"https:\/\/duraznohoy.com\/index.php?rest_route=%2Fwp%2Fv2%2Fcomments&post=27826"}],"version-history":[{"count":0,"href":"https:\/\/duraznohoy.com\/index.php?rest_route=\/wp\/v2\/posts\/27826\/revisions"}],"wp:featuredmedia":[{"embeddable":true,"href":"https:\/\/duraznohoy.com\/index.php?rest_route=\/wp\/v2\/media\/27828"}],"wp:attachment":[{"href":"https:\/\/duraznohoy.com\/index.php?rest_route=%2Fwp%2Fv2%2Fmedia&parent=27826"}],"wp:term":[{"taxonomy":"category","embeddable":true,"href":"https:\/\/duraznohoy.com\/index.php?rest_route=%2Fwp%2Fv2%2Fcategories&post=27826"},{"taxonomy":"post_tag","embeddable":true,"href":"https:\/\/duraznohoy.com\/index.php?rest_route=%2Fwp%2Fv2%2Ftags&post=27826"}],"curies":[{"name":"wp","href":"https:\/\/api.w.org\/{rel}","templated":true}]}}