{"id":27836,"date":"2021-12-03T10:26:41","date_gmt":"2021-12-03T13:26:41","guid":{"rendered":"http:\/\/duraznohoy.com\/?p=27836"},"modified":"2021-12-03T10:26:41","modified_gmt":"2021-12-03T13:26:41","slug":"por-el-tamboril","status":"publish","type":"post","link":"https:\/\/duraznohoy.com\/?p=27836","title":{"rendered":"Por el tamboril."},"content":{"rendered":"<p><strong>Se ajustan detalles de las actividades previstas para los d\u00edas 19 y 20 de diciembre, al conmemorarse los 25 a\u00f1os de la inauguraci\u00f3n del Monumento a las Primeras Llamadas del Interior.<\/strong><\/p>\n<p>La Comisi\u00f3n Coordinadora del Bicentenario, ha venido manteniendo en los \u00faltimos d\u00edas distintas reuniones, entre ellas con los responsables de las diferentes Comparsas de Durazno y con integrantes de la Comisi\u00f3n que, en 1996, tuvo a su cargo todo lo relacionado con aquella recordada instancia.<\/p>\n<p>El d\u00eda 19 de diciembre por la noche, se realizar\u00e1 un acto protocolar, se cumplir\u00e1 un desfile de las comparsas locales y, a la media noche, se abrir\u00e1 \u201cel tamboril\u201d \u2013 tal como lo dejaran establecido sus fundadores \u2013 extray\u00e9ndose la documentaci\u00f3n existente y deposit\u00e1ndose otra actualizada.<\/p>\n<p>En los pr\u00f3ximos d\u00edas se estructurar\u00e1 la programaci\u00f3n definitiva.<\/p>\n<p><em><strong>Foto: Fabricio Mart\u00ednez Marteluna.<\/strong><\/em> <\/p>\n","protected":false},"excerpt":{"rendered":"<p>Se ajustan detalles de las actividades previstas para los d\u00edas 19 y 20 de diciembre,&#8230;<\/p>\n","protected":false},"author":2,"featured_media":27839,"comment_status":"closed","ping_status":"closed","sticky":false,"template":"","format":"standard","meta":{"footnotes":"","jetpack_publicize_message":"{title}\n\n{excerpt}\n\n{url}","jetpack_publicize_feature_enabled":true,"jetpack_social_post_already_shared":true,"jetpack_social_options":{"image_generator_settings":{"template":"fullscreen","default_image_id":0,"font":"","enabled":false},"version":2},"_wpas_customize_per_network":false},"categories":[33],"tags":[],"class_list":["post-27836","post","type-post","status-publish","format-standard","has-post-thumbnail","hentry","category-actualidad"],"jetpack_publicize_connections":[],"_links":{"self":[{"href":"https:\/\/duraznohoy.com\/index.php?rest_route=\/wp\/v2\/posts\/27836","targetHints":{"allow":["GET"]}}],"collection":[{"href":"https:\/\/duraznohoy.com\/index.php?rest_route=\/wp\/v2\/posts"}],"about":[{"href":"https:\/\/duraznohoy.com\/index.php?rest_route=\/wp\/v2\/types\/post"}],"author":[{"embeddable":true,"href":"https:\/\/duraznohoy.com\/index.php?rest_route=\/wp\/v2\/users\/2"}],"replies":[{"embeddable":true,"href":"https:\/\/duraznohoy.com\/index.php?rest_route=%2Fwp%2Fv2%2Fcomments&post=27836"}],"version-history":[{"count":0,"href":"https:\/\/duraznohoy.com\/index.php?rest_route=\/wp\/v2\/posts\/27836\/revisions"}],"wp:featuredmedia":[{"embeddable":true,"href":"https:\/\/duraznohoy.com\/index.php?rest_route=\/wp\/v2\/media\/27839"}],"wp:attachment":[{"href":"https:\/\/duraznohoy.com\/index.php?rest_route=%2Fwp%2Fv2%2Fmedia&parent=27836"}],"wp:term":[{"taxonomy":"category","embeddable":true,"href":"https:\/\/duraznohoy.com\/index.php?rest_route=%2Fwp%2Fv2%2Fcategories&post=27836"},{"taxonomy":"post_tag","embeddable":true,"href":"https:\/\/duraznohoy.com\/index.php?rest_route=%2Fwp%2Fv2%2Ftags&post=27836"}],"curies":[{"name":"wp","href":"https:\/\/api.w.org\/{rel}","templated":true}]}}