{"id":27932,"date":"2021-12-07T00:02:59","date_gmt":"2021-12-07T03:02:59","guid":{"rendered":"http:\/\/duraznohoy.com\/?p=27932"},"modified":"2021-12-07T00:02:59","modified_gmt":"2021-12-07T03:02:59","slug":"vinales-no-vuelve-y-se-fijo-fecha","status":"publish","type":"post","link":"https:\/\/duraznohoy.com\/?p=27932","title":{"rendered":"Vi\u00f1ales no vuelve y se fij\u00f3 fecha."},"content":{"rendered":"<p><strong>Manuel Eugenio Vi\u00f1ales Quinelli mantuvo su decisi\u00f3n de renuncia a la Presidencia del Consejo de la Liga de F\u00fatbol Ciudad de Durazno.<\/strong><\/p>\n<p>Esta noche el cuerpo presidido en forma interina por Jorge Abraham Mejeses Aranaga, tras la \u00faltima palabra de Vi\u00f1ales,\u00a0 fij\u00f3 la\u00a0 fecha final del Clasificatorio en Mayores y Sub 17.<\/p>\n<p><strong>Primera divisi\u00f3n <\/strong><\/p>\n<p><u>S\u00e1bado 11 de diciembre:<\/u><\/p>\n<p><u>Estadio 14 de Octubre<\/u><\/p>\n<p><u>-Hora 17.30<\/u>:<u> Nacional &#8211; Wanderers<\/u><\/p>\n<p><u>Campus de Santa Bernardina<\/u><\/p>\n<p>Hora 17.30: Sportivo Yi-La Lanera<\/p>\n<p><u>Complejo Pasi\u00f3n Picapiedra<\/u><\/p>\n<p>Hora 18.00: Rampla Juniors-Artigas<\/p>\n<p><u>Domingo 12 de diciembre:<\/u><\/p>\n<p><u>Campus de Santa Bernardina<\/u><\/p>\n<p>Hora 18.00: Santa Bernardina-Juvenil<\/p>\n<p><u>Cancha El Rosedal (Carlos Reyles)<\/u><\/p>\n<p>Hora 18.00: Molles FC-Central<\/p>\n<p><strong>Sub 17<\/strong>:<\/p>\n<p><u>S\u00e1bado 11 de diciembre:<\/u><\/p>\n<p><u>Estadio 14 de Octubre<\/u><\/p>\n<p>Hora 15.30: Nacional-Wanderers<\/p>\n<p><u>Campus de Santa Bernardina<\/u><\/p>\n<p>Hora 15.30: Sportivo Yi-La Lanera<\/p>\n<p><u>Complejo Pasi\u00f3n Picapiedra<\/u><\/p>\n<p>Hora 16.00: Rampla Juniors-Artigas<\/p>\n<p><u>Domingo 12 de diciembre:<\/u><\/p>\n<p><u>Campus de Santa Bernardina<\/u><\/p>\n<p>Hora 16 00: Santa Bernardina-Juvenil<\/p>\n<p><u>Cancha El Rosedal (Carlos Reyles)<\/u><\/p>\n<p>Hora 16 00: Molles FC-Central<\/p>\n<p>Informacion gentileza de V\u00edctor Rodr\u00edguez, Mauricio Delgado Cabral, Eduardo Mor\u00e1n Garc\u00eda y Eduardo Lazaroff.- <\/p>\n","protected":false},"excerpt":{"rendered":"<p>Manuel Eugenio Vi\u00f1ales Quinelli mantuvo su decisi\u00f3n de renuncia a la Presidencia del Consejo de&#8230;<\/p>\n","protected":false},"author":2,"featured_media":27933,"comment_status":"closed","ping_status":"closed","sticky":false,"template":"","format":"standard","meta":{"footnotes":"","jetpack_publicize_message":"{title}\n\n{excerpt}\n\n{url}","jetpack_publicize_feature_enabled":true,"jetpack_social_post_already_shared":true,"jetpack_social_options":{"image_generator_settings":{"template":"fullscreen","default_image_id":0,"font":"","enabled":false},"version":2},"_wpas_customize_per_network":false},"categories":[99],"tags":[],"class_list":["post-27932","post","type-post","status-publish","format-standard","has-post-thumbnail","hentry","category-liga-de-futbol-ciudad-de-durazno"],"jetpack_publicize_connections":[],"_links":{"self":[{"href":"https:\/\/duraznohoy.com\/index.php?rest_route=\/wp\/v2\/posts\/27932","targetHints":{"allow":["GET"]}}],"collection":[{"href":"https:\/\/duraznohoy.com\/index.php?rest_route=\/wp\/v2\/posts"}],"about":[{"href":"https:\/\/duraznohoy.com\/index.php?rest_route=\/wp\/v2\/types\/post"}],"author":[{"embeddable":true,"href":"https:\/\/duraznohoy.com\/index.php?rest_route=\/wp\/v2\/users\/2"}],"replies":[{"embeddable":true,"href":"https:\/\/duraznohoy.com\/index.php?rest_route=%2Fwp%2Fv2%2Fcomments&post=27932"}],"version-history":[{"count":0,"href":"https:\/\/duraznohoy.com\/index.php?rest_route=\/wp\/v2\/posts\/27932\/revisions"}],"wp:featuredmedia":[{"embeddable":true,"href":"https:\/\/duraznohoy.com\/index.php?rest_route=\/wp\/v2\/media\/27933"}],"wp:attachment":[{"href":"https:\/\/duraznohoy.com\/index.php?rest_route=%2Fwp%2Fv2%2Fmedia&parent=27932"}],"wp:term":[{"taxonomy":"category","embeddable":true,"href":"https:\/\/duraznohoy.com\/index.php?rest_route=%2Fwp%2Fv2%2Fcategories&post=27932"},{"taxonomy":"post_tag","embeddable":true,"href":"https:\/\/duraznohoy.com\/index.php?rest_route=%2Fwp%2Fv2%2Ftags&post=27932"}],"curies":[{"name":"wp","href":"https:\/\/api.w.org\/{rel}","templated":true}]}}