{"id":27938,"date":"2021-12-07T20:23:01","date_gmt":"2021-12-07T23:23:01","guid":{"rendered":"http:\/\/duraznohoy.com\/?p=27938"},"modified":"2021-12-07T20:23:01","modified_gmt":"2021-12-07T23:23:01","slug":"las-acciones-son-las-semillas-de-los-hechos-donde-crece-el-destino","status":"publish","type":"post","link":"https:\/\/duraznohoy.com\/?p=27938","title":{"rendered":"Las acciones son las semillas de los hechos donde crece el destino."},"content":{"rendered":"<p><strong><img loading=\"lazy\" decoding=\"async\" class=\" wp-image-27939 alignright\" src=\"https:\/\/duraznohoy.com\/wp-content\/uploads\/2021\/12\/PETRONA-1-300x225.jpg\" alt=\"\" width=\"267\" height=\"200\" srcset=\"https:\/\/duraznohoy.com\/wp-content\/uploads\/2021\/12\/PETRONA-1-300x225.jpg 300w, https:\/\/duraznohoy.com\/wp-content\/uploads\/2021\/12\/PETRONA-1-768x576.jpg 768w, https:\/\/duraznohoy.com\/wp-content\/uploads\/2021\/12\/PETRONA-1.jpg 866w\" sizes=\"auto, (max-width: 267px) 100vw, 267px\" \/>En Villa del Carmen, el Club de ni\u00f1os \u201cChela Etcheverrito\u201d, tiene un nuevo espacio que reconoce a una mujer muy querida por la localidad y de amplia labor en la Instituci\u00f3n.<\/strong><\/p>\n<p>En un emotivo y merecido homenaje a Petrona Remedios, se inaugur\u00f3 un sal\u00f3n que pas\u00f3 a ser una sala de arte y m\u00fasica que lleva su nombre.<\/p>\n<p><img loading=\"lazy\" decoding=\"async\" class=\"wp-image-27940 alignleft\" src=\"https:\/\/duraznohoy.com\/wp-content\/uploads\/2021\/12\/PETRONA-2-300x225.jpg\" alt=\"\" width=\"188\" height=\"141\" srcset=\"https:\/\/duraznohoy.com\/wp-content\/uploads\/2021\/12\/PETRONA-2-300x225.jpg 300w, https:\/\/duraznohoy.com\/wp-content\/uploads\/2021\/12\/PETRONA-2.jpg 725w\" sizes=\"auto, (max-width: 188px) 100vw, 188px\" \/>Muchos carmenses trabajaron en todos los detalles y Petrona, recibi\u00f3 emocionada el afecto de la ocasi\u00f3n, que le indica que su camino en la historia de la Villa, fue tan f\u00e9rtil como admirado. <\/p>\n","protected":false},"excerpt":{"rendered":"<p>En Villa del Carmen, el Club de ni\u00f1os \u201cChela Etcheverrito\u201d, tiene un nuevo espacio que&#8230;<\/p>\n","protected":false},"author":2,"featured_media":27941,"comment_status":"closed","ping_status":"closed","sticky":false,"template":"","format":"standard","meta":{"footnotes":"","jetpack_publicize_message":"{title}\n\n{excerpt}\n\n{url}","jetpack_publicize_feature_enabled":true,"jetpack_social_post_already_shared":true,"jetpack_social_options":{"image_generator_settings":{"template":"fullscreen","default_image_id":0,"font":"","enabled":false},"version":2},"_wpas_customize_per_network":false},"categories":[33,74],"tags":[],"class_list":["post-27938","post","type-post","status-publish","format-standard","has-post-thumbnail","hentry","category-actualidad","category-servicio-a-la-comunidad"],"jetpack_publicize_connections":[],"_links":{"self":[{"href":"https:\/\/duraznohoy.com\/index.php?rest_route=\/wp\/v2\/posts\/27938","targetHints":{"allow":["GET"]}}],"collection":[{"href":"https:\/\/duraznohoy.com\/index.php?rest_route=\/wp\/v2\/posts"}],"about":[{"href":"https:\/\/duraznohoy.com\/index.php?rest_route=\/wp\/v2\/types\/post"}],"author":[{"embeddable":true,"href":"https:\/\/duraznohoy.com\/index.php?rest_route=\/wp\/v2\/users\/2"}],"replies":[{"embeddable":true,"href":"https:\/\/duraznohoy.com\/index.php?rest_route=%2Fwp%2Fv2%2Fcomments&post=27938"}],"version-history":[{"count":0,"href":"https:\/\/duraznohoy.com\/index.php?rest_route=\/wp\/v2\/posts\/27938\/revisions"}],"wp:featuredmedia":[{"embeddable":true,"href":"https:\/\/duraznohoy.com\/index.php?rest_route=\/wp\/v2\/media\/27941"}],"wp:attachment":[{"href":"https:\/\/duraznohoy.com\/index.php?rest_route=%2Fwp%2Fv2%2Fmedia&parent=27938"}],"wp:term":[{"taxonomy":"category","embeddable":true,"href":"https:\/\/duraznohoy.com\/index.php?rest_route=%2Fwp%2Fv2%2Fcategories&post=27938"},{"taxonomy":"post_tag","embeddable":true,"href":"https:\/\/duraznohoy.com\/index.php?rest_route=%2Fwp%2Fv2%2Ftags&post=27938"}],"curies":[{"name":"wp","href":"https:\/\/api.w.org\/{rel}","templated":true}]}}