{"id":27943,"date":"2021-12-07T21:45:09","date_gmt":"2021-12-08T00:45:09","guid":{"rendered":"http:\/\/duraznohoy.com\/?p=27943"},"modified":"2021-12-07T21:45:09","modified_gmt":"2021-12-08T00:45:09","slug":"bendicion-del-yi-2","status":"publish","type":"post","link":"https:\/\/duraznohoy.com\/?p=27943","title":{"rendered":"Bendici\u00f3n del Y\u00ed"},"content":{"rendered":"<p><img loading=\"lazy\" decoding=\"async\" class=\"alignnone size-full wp-image-27944\" src=\"https:\/\/duraznohoy.com\/wp-content\/uploads\/2021\/12\/sauzal.jpeg\" alt=\"\" width=\"300\" height=\"168\" \/><\/p>\n<p>Ma\u00f1ana mi\u00e9rcoles 8 de diciembre, a la hora 09.00, en la zona de botes de Playa El Sauzal, se proceder\u00e1 a la ceremonia que da inicio oficial a la temporada de verano.<\/p>\n<p>Se contar\u00e1 con la presencia del Intendente Lic. Carmelo Vidal\u00edn, el Secretario General, Domingo Rielli San Mart\u00edn, directores de Departamento de la IDD, el Padre Hernando Vel\u00e1squez Montesino, Cura P\u00e1rroco de la Iglesia San Pedro del Durazno, que proceder\u00e1 a la bendici\u00f3n de las aguas.<\/p>\n<p>En el marco del inicio de temporada en nuestra playa El Sauzal y Camping 33 Orientales, se realizar\u00e1 la plantaci\u00f3n de un \u00e1rbol nativo en el arboretum formado por el Maestro S\u00e1nchez Galarza.<br \/>\nEn conjunto con UNI3, y el grupo de Flora nativa de dicha organizaci\u00f3n, qui\u00e9nes se formaron con el querido Maestro de nuestra ciudad. <\/p>\n","protected":false},"excerpt":{"rendered":"<p>Ma\u00f1ana mi\u00e9rcoles 8 de diciembre, a la hora 09.00, en la zona de botes de&#8230;<\/p>\n","protected":false},"author":26,"featured_media":27944,"comment_status":"closed","ping_status":"closed","sticky":false,"template":"","format":"standard","meta":{"footnotes":"","jetpack_publicize_message":"{title}\n\n{excerpt}\n\n{url}","jetpack_publicize_feature_enabled":true,"jetpack_social_post_already_shared":true,"jetpack_social_options":{"image_generator_settings":{"template":"fullscreen","default_image_id":0,"font":"","enabled":false},"version":2},"_wpas_customize_per_network":false},"categories":[33],"tags":[],"class_list":["post-27943","post","type-post","status-publish","format-standard","has-post-thumbnail","hentry","category-actualidad"],"jetpack_publicize_connections":[],"_links":{"self":[{"href":"https:\/\/duraznohoy.com\/index.php?rest_route=\/wp\/v2\/posts\/27943","targetHints":{"allow":["GET"]}}],"collection":[{"href":"https:\/\/duraznohoy.com\/index.php?rest_route=\/wp\/v2\/posts"}],"about":[{"href":"https:\/\/duraznohoy.com\/index.php?rest_route=\/wp\/v2\/types\/post"}],"author":[{"embeddable":true,"href":"https:\/\/duraznohoy.com\/index.php?rest_route=\/wp\/v2\/users\/26"}],"replies":[{"embeddable":true,"href":"https:\/\/duraznohoy.com\/index.php?rest_route=%2Fwp%2Fv2%2Fcomments&post=27943"}],"version-history":[{"count":0,"href":"https:\/\/duraznohoy.com\/index.php?rest_route=\/wp\/v2\/posts\/27943\/revisions"}],"wp:featuredmedia":[{"embeddable":true,"href":"https:\/\/duraznohoy.com\/index.php?rest_route=\/wp\/v2\/media\/27944"}],"wp:attachment":[{"href":"https:\/\/duraznohoy.com\/index.php?rest_route=%2Fwp%2Fv2%2Fmedia&parent=27943"}],"wp:term":[{"taxonomy":"category","embeddable":true,"href":"https:\/\/duraznohoy.com\/index.php?rest_route=%2Fwp%2Fv2%2Fcategories&post=27943"},{"taxonomy":"post_tag","embeddable":true,"href":"https:\/\/duraznohoy.com\/index.php?rest_route=%2Fwp%2Fv2%2Ftags&post=27943"}],"curies":[{"name":"wp","href":"https:\/\/api.w.org\/{rel}","templated":true}]}}